{"id":13753,"date":"2021-07-05T08:13:27","date_gmt":"2021-07-05T05:13:27","guid":{"rendered":"https:\/\/www.fener.org\/?p=13753"},"modified":"2021-07-05T08:13:33","modified_gmt":"2021-07-05T05:13:33","slug":"genc-atletlerimiz-u18-atletizm-sampiyonasinda-basarili-sonuclar-elde-etti","status":"publish","type":"post","link":"https:\/\/www.fener.org\/index.php\/2021\/07\/05\/genc-atletlerimiz-u18-atletizm-sampiyonasinda-basarili-sonuclar-elde-etti\/","title":{"rendered":"Gen\u00e7 atletlerimiz, U18 Atletizm \u015eampiyonas\u0131\u2019nda ba\u015far\u0131l\u0131 sonu\u00e7lar elde etti"},"content":{"rendered":"\n<p>K\u00fctahya Halil Akka\u015f Atletizm Stad\u0131\u2019nda \u00fc\u00e7 g\u00fcn s\u00fcren Spor Toto T\u00fcrkiye U18 Atletizm \u015eampiyonas\u0131, 2-3-4 Temmuz tarihlerinde yap\u0131ld\u0131. Gelecek ay yap\u0131lacak olan Balkan U18 \u015eampiyonas\u0131 i\u00e7in milli tak\u0131m belirleme niteli\u011fi de ta\u015f\u0131yan organizasyonda 1000\u2019in \u00fczerinde atlet yar\u0131\u015ft\u0131.<br><br>200 metrede yar\u0131\u015fan Fenerbah\u00e7eli atlet Taygun Artan \u00d6zcihan, 21.58\u2019lik dereceyle bu bran\u015ftaki U18 T\u00fcrkiye rekorunu k\u0131rd\u0131. 200 metrede eski rekor 21.66 ile Batuhan Alt\u0131nta\u015f taraf\u0131ndan 2013 y\u0131l\u0131nda ko\u015fulmu\u015ftu.<\/p>\n\n\n\n<p>Erkekler 200 metrederekor k\u0131ranTaygun Artan \u00d6zcihan, 100 metrede de ilk s\u0131ray\u0131 al\u0131rken, 800 metrede Halil Tekin, cirit atmada Muhammed Hanifi Zengin ve&nbsp;4&#215;100 metre ile&nbsp;4&#215;400 metre bayrak tak\u0131mlar\u0131m\u0131z birinci oldu.&nbsp;400 metrede Or\u00e7un Duran ikinci, Bilal Berke Bay \u00fc\u00e7\u00fcnc\u00fc s\u0131ray\u0131 al\u0131rken,&nbsp;1500 metrede Yusuf \u0130slam Acar, 3 bin metrede Furkan Mutlu, 2 bin metre engelde Ahmet Civci ile y\u00fcksek atlamada Hakan \u015eevki Torun ikinci oldu.&nbsp;400 metre engelde \u015e\u00fckr\u00fc \u0130pek ve&nbsp;\u00fc\u00e7 ad\u0131m atlamada Arda Umun\u00e7 ise \u00fc\u00e7\u00fcnc\u00fc s\u0131rada yer ald\u0131.&nbsp;<\/p>\n\n\n\n<p>Kad\u0131nlarda ise 100 ve 200 metredeBeyzanur Seylan, 2 bin metre engelde Ceren K\u0131l\u0131\u00e7, s\u0131r\u0131kla atlamada Nazl\u0131 \u00d6zdemir,&nbsp;g\u00fclle atmada \u00d6zlem Tohumcu, cirit atmada \u0130rem Batu&nbsp;ile&nbsp;4&#215;100 ve 4&#215;400 bayrak tak\u0131mlar\u0131m\u0131z birinci oldu.&nbsp;Cirit atmada Medine Amoca, 400 metrede G\u00fcl\u015fah Cebeci,&nbsp;800 metrede S\u00fcreyya Y\u0131ld\u0131z,&nbsp;100 metre engelde Eslem T\u00fcm,&nbsp;400 metre engelde G\u00fcl\u015fah Cebeci ikinci s\u0131rada yer al\u0131rken,&nbsp;100 metre engelde Ay\u015fenur \u00c7elik,&nbsp;\u00fc\u00e7 ad\u0131m atlamada Kadriye Dilek Durmu\u015f, \u00e7eki\u00e7 atmada Fatmanur S\u00fcmb\u00fcl ve disk atmada Aleyna Karahan \u00fc\u00e7\u00fcnc\u00fc olan sporcular\u0131m\u0131z oldu.&nbsp;<\/p>\n","protected":false},"excerpt":{"rendered":"<p>K\u00fctahya Halil Akka\u015f Atletizm Stad\u0131\u2019nda \u00fc\u00e7 g\u00fcn s\u00fcren Spor Toto T\u00fcrkiye U18 Atletizm \u015eampiyonas\u0131, 2-3-4 Temmuz tarihlerinde yap\u0131ld\u0131. Gelecek ay yap\u0131lacak olan Balkan U18 \u015eampiyonas\u0131 i\u00e7in milli tak\u0131m belirleme niteli\u011fi de ta\u015f\u0131yan organizasyonda 1000\u2019in \u00fczerinde atlet yar\u0131\u015ft\u0131. 200 metrede yar\u0131\u015fan Fenerbah\u00e7eli atlet Taygun Artan \u00d6zcihan, 21.58\u2019lik dereceyle bu bran\u015ftaki U18 T\u00fcrkiye rekorunu k\u0131rd\u0131. 200 metrede [&hellip;]<\/p>\n","protected":false},"author":1,"featured_media":1279,"comment_status":"closed","ping_status":"closed","sticky":false,"template":"","format":"standard","meta":{"jnews-multi-image_gallery":[],"jnews_single_post":{"subtitle":"Fenerbah\u00e7eli gen\u00e7 atletler, Spor Toto T\u00fcrkiye U18 Atletizm \u015eampiyonas\u0131\u2019nda biri T\u00fcrkiye rekoru olmak \u00fczere 14 birincilik, 10 ikincilik ve 7 \u00fc\u00e7\u00fcnc\u00fcl\u00fck elde etti.","format":"standard","video":"","gallery":"","source_name":"","source_url":"","via_name":"","via_url":"","override":[{"single_blog_custom":"","sidebar":"","second_sidebar":"","share_position":"","share_float_style":"","post_date_format":"","post_date_format_custom":"","post_reading_time_wpm":"","zoom_button_out_step":"1","zoom_button_in_step":"1","number_popup_post":"1"}],"image_override":[{"single_post_thumbnail_size":"","single_post_gallery_size":""}],"trending_post_position":"","trending_post_label":"","sponsored_post_label":"","sponsored_post_name":"","sponsored_post_url":"","sponsored_post_logo":"","sponsored_post_desc":""},"jnews_primary_category":{"id":"13"},"jnews_social_meta":{"fb_title":"","fb_description":"","fb_image":"","twitter_title":"","twitter_description":"","twitter_image":""},"jnews_override_counter":{"view_counter_number":"0","share_counter_number":"0","like_counter_number":"0","dislike_counter_number":"0"},"footnotes":""},"categories":[13,2],"tags":[32,23],"class_list":["post-13753","post","type-post","status-publish","format-standard","has-post-thumbnail","hentry","category-atletizm","category-haberler","tag-atletizm","tag-fenerbahce"],"amp_enabled":true,"_links":{"self":[{"href":"https:\/\/www.fener.org\/index.php\/wp-json\/wp\/v2\/posts\/13753","targetHints":{"allow":["GET"]}}],"collection":[{"href":"https:\/\/www.fener.org\/index.php\/wp-json\/wp\/v2\/posts"}],"about":[{"href":"https:\/\/www.fener.org\/index.php\/wp-json\/wp\/v2\/types\/post"}],"author":[{"embeddable":true,"href":"https:\/\/www.fener.org\/index.php\/wp-json\/wp\/v2\/users\/1"}],"replies":[{"embeddable":true,"href":"https:\/\/www.fener.org\/index.php\/wp-json\/wp\/v2\/comments?post=13753"}],"version-history":[{"count":1,"href":"https:\/\/www.fener.org\/index.php\/wp-json\/wp\/v2\/posts\/13753\/revisions"}],"predecessor-version":[{"id":13754,"href":"https:\/\/www.fener.org\/index.php\/wp-json\/wp\/v2\/posts\/13753\/revisions\/13754"}],"wp:featuredmedia":[{"embeddable":true,"href":"https:\/\/www.fener.org\/index.php\/wp-json\/wp\/v2\/media\/1279"}],"wp:attachment":[{"href":"https:\/\/www.fener.org\/index.php\/wp-json\/wp\/v2\/media?parent=13753"}],"wp:term":[{"taxonomy":"category","embeddable":true,"href":"https:\/\/www.fener.org\/index.php\/wp-json\/wp\/v2\/categories?post=13753"},{"taxonomy":"post_tag","embeddable":true,"href":"https:\/\/www.fener.org\/index.php\/wp-json\/wp\/v2\/tags?post=13753"}],"curies":[{"name":"wp","href":"https:\/\/api.w.org\/{rel}","templated":true}]}}