{"id":13569,"date":"2021-06-03T22:36:27","date_gmt":"2021-06-03T19:36:27","guid":{"rendered":"https:\/\/www.fener.org\/?p=13569"},"modified":"2021-06-03T22:36:32","modified_gmt":"2021-06-03T19:36:32","slug":"igor-kokoskov-ucuncu-ceyrek-belirleyici-oldu","status":"publish","type":"post","link":"https:\/\/www.fener.org\/index.php\/2021\/06\/03\/igor-kokoskov-ucuncu-ceyrek-belirleyici-oldu\/","title":{"rendered":"Igor Kokoskov: \u00dc\u00e7\u00fcnc\u00fc \u00e7eyrek belirleyici oldu"},"content":{"rendered":"\n<p>Fenerbah\u00e7e Beko Erkek Basketbol Tak\u0131m\u0131m\u0131z\u0131n Ba\u015fantren\u00f6r\u00fc Igor Kokoskov, Anadolu Efes ile oynad\u0131\u011f\u0131m\u0131z ING Basketbol S\u00fcper Ligi Play-off final serisi ilk ma\u00e7\u0131n\u0131n ard\u0131ndan a\u00e7\u0131klamalarda bulundu.<\/p>\n\n\n\n<p>Ba\u015fantren\u00f6r\u00fcm\u00fcz Igor Kokoskov \u015funlar\u0131 s\u00f6yledi:<\/p>\n\n\n\n<blockquote class=\"wp-block-quote is-layout-flow wp-block-quote-is-layout-flow\"><p>\u201c\u00dc\u00e7\u00fcnc\u00fc \u00e7eyrek belirleyici oldu. \u0130yi bir tak\u0131ma kar\u015f\u0131 oynarken hata pay\u0131n\u0131z \u00e7ok azd\u0131r ve biz de bu b\u00f6l\u00fcmde \u00e7ok fazla top kayb\u0131 yapt\u0131k. Ma\u00e7 da elimizden bu s\u00fcre\u00e7te kay\u0131p gitti. \u00d6nemli bir seri yakalad\u0131lar ve geri gelemedik. \u00d6zellikle mental ve fiziksel olarak \u00e7ok daha g\u00fc\u00e7l\u00fc olmal\u0131y\u0131z. Rakibimizi savunmada durdurabilmeli ve h\u00fccumda topu daha iyi payla\u015fabilmeliyiz. Playoff\u2019tay\u0131z, \u015fimdi hemen toparlan\u0131p \u00f6n\u00fcm\u00fczdeki kar\u015f\u0131la\u015fmaya haz\u0131rlanmal\u0131y\u0131z.\u201d<\/p><\/blockquote>\n","protected":false},"excerpt":{"rendered":"<p>Fenerbah\u00e7e Beko Erkek Basketbol Tak\u0131m\u0131m\u0131z\u0131n Ba\u015fantren\u00f6r\u00fc Igor Kokoskov, Anadolu Efes ile oynad\u0131\u011f\u0131m\u0131z ING Basketbol S\u00fcper Ligi Play-off final serisi ilk ma\u00e7\u0131n\u0131n ard\u0131ndan a\u00e7\u0131klamalarda bulundu. Ba\u015fantren\u00f6r\u00fcm\u00fcz Igor Kokoskov \u015funlar\u0131 s\u00f6yledi: \u201c\u00dc\u00e7\u00fcnc\u00fc \u00e7eyrek belirleyici oldu. \u0130yi bir tak\u0131ma kar\u015f\u0131 oynarken hata pay\u0131n\u0131z \u00e7ok azd\u0131r ve biz de bu b\u00f6l\u00fcmde \u00e7ok fazla top kayb\u0131 yapt\u0131k. Ma\u00e7 da elimizden [&hellip;]<\/p>\n","protected":false},"author":1,"featured_media":13570,"comment_status":"closed","ping_status":"closed","sticky":false,"template":"","format":"standard","meta":{"jnews-multi-image_gallery":[],"jnews_single_post":{"subtitle":"Fenerbah\u00e7e Erkek Basketbol Tak\u0131m\u0131m\u0131z\u0131n Ba\u015fantren\u00f6r\u00fc Igor Kokoskov, tak\u0131m\u0131m\u0131z\u0131n Anadolu Efes ile oynad\u0131\u011f\u0131 Basketbol S\u00fcper Ligi play-off final serisi ilk ma\u00e7\u0131n\u0131n ard\u0131ndan a\u00e7\u0131klamalarda bulundu.","format":"standard","video":"","gallery":"","source_name":"","source_url":"","via_name":"","via_url":"","override":[{"single_blog_custom":"","sidebar":"","second_sidebar":"","share_position":"","share_float_style":"","post_date_format":"","post_date_format_custom":"","post_reading_time_wpm":"","zoom_button_out_step":"1","zoom_button_in_step":"1","number_popup_post":"1"}],"image_override":[{"single_post_thumbnail_size":"","single_post_gallery_size":""}],"trending_post_position":"","trending_post_label":"","sponsored_post_label":"","sponsored_post_name":"","sponsored_post_url":"","sponsored_post_logo":"","sponsored_post_desc":""},"jnews_primary_category":{"id":"5"},"jnews_social_meta":{"fb_title":"","fb_description":"","fb_image":"","twitter_title":"","twitter_description":"","twitter_image":""},"jnews_override_counter":{"view_counter_number":"0","share_counter_number":"0","like_counter_number":"0","dislike_counter_number":"0"},"footnotes":""},"categories":[5,6,2],"tags":[24,23],"class_list":["post-13569","post","type-post","status-publish","format-standard","has-post-thumbnail","hentry","category-basketbol","category-erkek-basketbol","category-haberler","tag-basketbol","tag-fenerbahce"],"amp_enabled":true,"_links":{"self":[{"href":"https:\/\/www.fener.org\/index.php\/wp-json\/wp\/v2\/posts\/13569","targetHints":{"allow":["GET"]}}],"collection":[{"href":"https:\/\/www.fener.org\/index.php\/wp-json\/wp\/v2\/posts"}],"about":[{"href":"https:\/\/www.fener.org\/index.php\/wp-json\/wp\/v2\/types\/post"}],"author":[{"embeddable":true,"href":"https:\/\/www.fener.org\/index.php\/wp-json\/wp\/v2\/users\/1"}],"replies":[{"embeddable":true,"href":"https:\/\/www.fener.org\/index.php\/wp-json\/wp\/v2\/comments?post=13569"}],"version-history":[{"count":2,"href":"https:\/\/www.fener.org\/index.php\/wp-json\/wp\/v2\/posts\/13569\/revisions"}],"predecessor-version":[{"id":13572,"href":"https:\/\/www.fener.org\/index.php\/wp-json\/wp\/v2\/posts\/13569\/revisions\/13572"}],"wp:featuredmedia":[{"embeddable":true,"href":"https:\/\/www.fener.org\/index.php\/wp-json\/wp\/v2\/media\/13570"}],"wp:attachment":[{"href":"https:\/\/www.fener.org\/index.php\/wp-json\/wp\/v2\/media?parent=13569"}],"wp:term":[{"taxonomy":"category","embeddable":true,"href":"https:\/\/www.fener.org\/index.php\/wp-json\/wp\/v2\/categories?post=13569"},{"taxonomy":"post_tag","embeddable":true,"href":"https:\/\/www.fener.org\/index.php\/wp-json\/wp\/v2\/tags?post=13569"}],"curies":[{"name":"wp","href":"https:\/\/api.w.org\/{rel}","templated":true}]}}