{"id":13559,"date":"2021-06-02T22:43:39","date_gmt":"2021-06-02T19:43:39","guid":{"rendered":"https:\/\/www.fener.org\/?p=13559"},"modified":"2021-06-02T22:43:44","modified_gmt":"2021-06-02T19:43:44","slug":"fenerbahce-beko-play-off-final-serisinde-anadolu-efes-ile-karsilasiyor","status":"publish","type":"post","link":"https:\/\/www.fener.org\/index.php\/2021\/06\/02\/fenerbahce-beko-play-off-final-serisinde-anadolu-efes-ile-karsilasiyor\/","title":{"rendered":"Fenerbah\u00e7e Beko, play-off final serisinde Anadolu Efes ile kar\u015f\u0131la\u015f\u0131yor"},"content":{"rendered":"\n<p>Fenerbah\u00e7e Beko Erkek Basketbol Tak\u0131m\u0131m\u0131z, ING Basketbol S\u00fcper Ligi Play-off final serisi ilk ma\u00e7\u0131nda Anadolu Efes\u2019e konuk oluyor. Yar\u0131n (3 Haziran Per\u015fembe g\u00fcn\u00fc) saat 17.00\u2019da Sinan Erdem Spor Salonu\u2019nda oynanacak m\u00fccadele Tivibu Spor 2 ve TRT Spor taraf\u0131ndan canl\u0131 yay\u0131nlanacak.<\/p>\n\n\n\n<p>Final serisinde \u00fc\u00e7 galibiyet alan taraf \u015fampiyonlu\u011fa ula\u015facak. Seride ikinci ma\u00e7 5 Haziran Cumartesi g\u00fcn\u00fc 19.30\u2019da Sinan Erdem Spor Salonu\u2019nda, \u00fc\u00e7\u00fcnc\u00fc kar\u015f\u0131la\u015fma ise 7 Haziran Pazartesi g\u00fcn\u00fc 19.30\u2019da \u00dclker Spor ve Etkinlik Salonu\u2019nda oynanacak.<\/p>\n\n\n\n<p>Fenerbah\u00e7e Beko, ING Basketbol S\u00fcper Ligi\u2019nde normal sezonu 22 galibiyet ve 8 yenilgiyle ikinci s\u0131rada bitirdi. Ekibimiz, Play-off \u00e7eyrek final serisinde Dar\u00fc\u015f\u015fafaka Tekfen\u2019i 2-0, yar\u0131 final serisinde ise P\u0131nar Kar\u015f\u0131yaka\u2019y\u0131 3-1 ile ge\u00e7ti.<\/p>\n\n\n\n<p>Fenerbah\u00e7e Beko\u2019da sakatl\u0131\u011f\u0131 bulunan Dyshawn Pierre bu kar\u015f\u0131la\u015fmada forma giyemeyecek. P\u0131nar Kar\u015f\u0131yaka serisinin son ma\u00e7\u0131nda sakatl\u0131k ya\u015fayan Jan Vesely ve Nando De Colo ise tak\u0131mla idmanlara ba\u015flad\u0131. Her iki sporcumuzun da bu m\u00fccadelede forma giymesi bekleniyor.<\/p>\n\n\n\n<p>Ko\u00e7 Ergin Ataman taraf\u0131ndan \u00e7al\u0131\u015ft\u0131r\u0131lan Anadolu Efes, ING Basketbol S\u00fcper Ligi\u2019nde normal sezonu 29 galibiyet ve 1 yenilgiyle lider bitirdi. Rakibimiz, Playoff \u00e7eyrek final serisinde Gaziantep Basketbol\u2019u 2-0, Be\u015fikta\u015f\u2019\u0131 ise 3-0 ile ge\u00e7ti.<\/p>\n\n\n\n<p>\u0130ki tak\u0131m aras\u0131nda normal sezonda oynanan iki kar\u015f\u0131la\u015fmadan galip ayr\u0131lan taraf Anadolu Efes oldu.<\/p>\n","protected":false},"excerpt":{"rendered":"<p>Fenerbah\u00e7e Beko Erkek Basketbol Tak\u0131m\u0131m\u0131z, ING Basketbol S\u00fcper Ligi Play-off final serisi ilk ma\u00e7\u0131nda Anadolu Efes\u2019e konuk oluyor. Yar\u0131n (3 Haziran Per\u015fembe g\u00fcn\u00fc) saat 17.00\u2019da Sinan Erdem Spor Salonu\u2019nda oynanacak m\u00fccadele Tivibu Spor 2 ve TRT Spor taraf\u0131ndan canl\u0131 yay\u0131nlanacak. Final serisinde \u00fc\u00e7 galibiyet alan taraf \u015fampiyonlu\u011fa ula\u015facak. Seride ikinci ma\u00e7 5 Haziran Cumartesi g\u00fcn\u00fc [&hellip;]<\/p>\n","protected":false},"author":1,"featured_media":13461,"comment_status":"closed","ping_status":"closed","sticky":false,"template":"","format":"standard","meta":{"jnews-multi-image_gallery":[],"jnews_single_post":{"subtitle":"Fenerbah\u00e7e Erkek Basketbol Tak\u0131m\u0131m\u0131z, Basketbol S\u00fcper Ligi Play-off final serisi ilk ma\u00e7\u0131nda Anadolu Efes\u2019e konuk oluyor.","format":"standard","video":"","gallery":"","source_name":"","source_url":"","via_name":"","via_url":"","override":[{"single_blog_custom":"","sidebar":"","second_sidebar":"","share_position":"","share_float_style":"","post_date_format":"","post_date_format_custom":"","post_reading_time_wpm":"","zoom_button_out_step":"1","zoom_button_in_step":"1","number_popup_post":"1"}],"image_override":[{"single_post_thumbnail_size":"","single_post_gallery_size":""}],"trending_post_position":"","trending_post_label":"","sponsored_post_label":"","sponsored_post_name":"","sponsored_post_url":"","sponsored_post_logo":"","sponsored_post_desc":""},"jnews_primary_category":{"id":"5"},"jnews_social_meta":{"fb_title":"","fb_description":"","fb_image":"","twitter_title":"","twitter_description":"","twitter_image":""},"jnews_override_counter":{"view_counter_number":"0","share_counter_number":"0","like_counter_number":"0","dislike_counter_number":"0"},"footnotes":""},"categories":[5,6,2],"tags":[24,23],"class_list":["post-13559","post","type-post","status-publish","format-standard","has-post-thumbnail","hentry","category-basketbol","category-erkek-basketbol","category-haberler","tag-basketbol","tag-fenerbahce"],"amp_enabled":true,"_links":{"self":[{"href":"https:\/\/www.fener.org\/index.php\/wp-json\/wp\/v2\/posts\/13559","targetHints":{"allow":["GET"]}}],"collection":[{"href":"https:\/\/www.fener.org\/index.php\/wp-json\/wp\/v2\/posts"}],"about":[{"href":"https:\/\/www.fener.org\/index.php\/wp-json\/wp\/v2\/types\/post"}],"author":[{"embeddable":true,"href":"https:\/\/www.fener.org\/index.php\/wp-json\/wp\/v2\/users\/1"}],"replies":[{"embeddable":true,"href":"https:\/\/www.fener.org\/index.php\/wp-json\/wp\/v2\/comments?post=13559"}],"version-history":[{"count":1,"href":"https:\/\/www.fener.org\/index.php\/wp-json\/wp\/v2\/posts\/13559\/revisions"}],"predecessor-version":[{"id":13560,"href":"https:\/\/www.fener.org\/index.php\/wp-json\/wp\/v2\/posts\/13559\/revisions\/13560"}],"wp:featuredmedia":[{"embeddable":true,"href":"https:\/\/www.fener.org\/index.php\/wp-json\/wp\/v2\/media\/13461"}],"wp:attachment":[{"href":"https:\/\/www.fener.org\/index.php\/wp-json\/wp\/v2\/media?parent=13559"}],"wp:term":[{"taxonomy":"category","embeddable":true,"href":"https:\/\/www.fener.org\/index.php\/wp-json\/wp\/v2\/categories?post=13559"},{"taxonomy":"post_tag","embeddable":true,"href":"https:\/\/www.fener.org\/index.php\/wp-json\/wp\/v2\/tags?post=13559"}],"curies":[{"name":"wp","href":"https:\/\/api.w.org\/{rel}","templated":true}]}}