{"id":13555,"date":"2021-06-02T22:20:57","date_gmt":"2021-06-02T19:20:57","guid":{"rendered":"https:\/\/www.fener.org\/?p=13555"},"modified":"2021-06-02T22:21:03","modified_gmt":"2021-06-02T19:21:03","slug":"emre-belozoglu-fenerbahceye-veda-etti","status":"publish","type":"post","link":"https:\/\/www.fener.org\/index.php\/2021\/06\/02\/emre-belozoglu-fenerbahceye-veda-etti\/","title":{"rendered":"Emre Bel\u00f6zo\u011flu Fenerbah\u00e7e&#8217;ye veda etti"},"content":{"rendered":"\n<p>&nbsp;Fenerbah\u00e7e&#8217;nin Futbol A Tak\u0131m Direkt\u00f6r\u00fc ve Sportif Direkt\u00f6r\u00fc Emre Bel\u00f6zo\u011flu, yay\u0131mlad\u0131\u011f\u0131 mesajla Sar\u0131-Lacivertliler&#8217;e veda etti.<\/p>\n\n\n\n<p>Mesaj\u0131na kul\u00fcp ba\u015fkan\u0131 Ali Ko\u00e7&#8217;a, mesai arkada\u015flar\u0131 ve futbolculara, kul\u00fcp personeline, hukuk ve finans ekibi ile futbol koordinasyon ekibine te\u015fekk\u00fcr ederek ba\u015flayan Bel\u00f6zo\u011flu&#8217;nun mesaj\u0131 \u015f\u00f6yle:<\/p>\n\n\n\n<blockquote class=\"wp-block-quote is-layout-flow wp-block-quote-is-layout-flow\"><p>B\u00fcy\u00fck Fenerbah\u00e7e Ailem\u2019e;<br><br>De\u011ferli vaktinizi fazlaca almadan birka\u00e7 c\u00fcmle ile sizlerle duygular\u0131m\u0131 payla\u015fmak istiyorum.<br><br>Y\u0131llar \u00f6nce futbolcu olarak girdi\u011fim bu kap\u0131dan Kaptan, ard\u0131ndan Sportif Direkt\u00f6r ve son olarak da Teknik Direkt\u00f6r olarak g\u00f6rev yapt\u0131\u011f\u0131m evimden, bug\u00fcn itibar\u0131 ile Fenerbah\u00e7e\u2019nin bir evlad\u0131 olarak ayr\u0131l\u0131yorum.<br><br>Bu s\u00fcre\u00e7te benim i\u00e7in bir ba\u015fkandan fazlas\u0131 olan, g\u00fcvenini daima hissettiren Say\u0131n Ba\u015fkan\u0131m Ali Ko\u00e7\u2019a, Y\u00f6netim Kurulumuza,<\/p><p>Samand\u0131ra\u2019daki t\u00fcm mesai arkada\u015flar\u0131ma ve \u015fampiyonlu\u011fu son ma\u00e7a kadar ta\u015f\u0131yan futbolcu karde\u015flerime,<\/p><p>e\u015fim ve \u00e7ocuklar\u0131mdan uzak kald\u0131\u011f\u0131m bu s\u00fcre\u00e7te aile s\u0131cakl\u0131\u011f\u0131n\u0131 hissettiren Samand\u0131ra ve Kul\u00fcp personelimize,<\/p><p>ye\u015fil sahadan spor y\u00f6neticili\u011fine ge\u00e7i\u015f s\u00fcrecimde, bilgi ve birikimlerini benimle payla\u015fan hukuk ve finans ekibimize,<\/p><p>a\u011f\u0131r pandemi ko\u015fullar\u0131na ra\u011fmen gece g\u00fcnd\u00fcz demeden sezon boyunca koordineli bir \u015fekilde \u00e7al\u0131\u015fmalar\u0131m\u0131za destek olan Futbol Koordinasyon Ekibi\u2019me \u00e7ok te\u015fekk\u00fcr ederim.<\/p><p>Sizinle bu b\u00fcy\u00fck \u00e7\u0131nar\u0131n alt\u0131nda \u00e7al\u0131\u015fmak her daim b\u00fcy\u00fck bir \u015fereftir.<br><br>Kalbimin en \u00f6zel yerinde, en b\u00fcy\u00fck te\u015fekk\u00fcr Fenerbah\u00e7e taraftar\u0131na.<br><br>Bu sezon her ne kadar fiziken ayr\u0131 d\u00fc\u015fm\u00fc\u015f olsak da, kalbimiz, inanc\u0131m\u0131z, umutlar\u0131m\u0131z daima bir oldu.<br><br>Anadolu\u2019da, sokakta, deplasmanda daima beni ba\u011fr\u0131n\u0131za bast\u0131n\u0131z, umuduma ortak oldunuz.<\/p><p>Sonu hayal etti\u011fim gibi bitmeyen bu sezondaki tek buruklu\u011fum sizleri ve \u00e7ocuklar\u0131m\u0131z\u0131 mutlu edememek oldu.<\/p><p>Bunu bir g\u00fcn fazlas\u0131yla telafi edece\u011fime inanabilirsiniz.<\/p><p>\u00c7\u00fcnk\u00fc ben buna inan\u0131yorum.<br><br>Ayr\u0131l\u0131k s\u00fcrecime dair, kul\u00fcb\u00fcm\u00fcz\u00fc, t\u00fcm sezon defalarca g\u00f6rd\u00fc\u011f\u00fcm\u00fcz gibi, olmayacak senaryolarla y\u0131pratmak isteyenler mutlaka \u00e7\u0131kacakt\u0131r.<br><br>Son ma\u00e7\u0131m\u0131zdan bu g\u00fcne kadar, ismimi do\u011frudan hedef alarak yap\u0131lan baz\u0131 planl\u0131 sald\u0131r\u0131lar kar\u015f\u0131s\u0131nda \u00f6zellikle sessiz kald\u0131m. Bunun sebebi Fenerbah\u00e7e\u2019me olan sayg\u0131 ve sevgimdir.<br><br>Ba\u015fkan\u0131m\u0131z ile dostlu\u011fumuz, birbirimize duydu\u011fumuz g\u00fcven ve sayg\u0131, bug\u00fcn oldu\u011fu gibi bundan sonra da devam edecektir.<br><br>Bana verilen her g\u00f6revi kul\u00fcb\u00fcm\u00fcn menfaatlerini d\u00fc\u015f\u00fcnerek, var g\u00fcc\u00fcmle yerine getirmeye \u00e7al\u0131\u015ft\u0131m.<br><br>Buna kar\u015f\u0131n, ne yaz\u0131kt\u0131r ki koskoca bir \u00e7\u0131nar\u0131 kendi hesaplar\u0131 i\u00e7in kullanmaya \u00e7al\u0131\u015fan k\u0131s\u0131r zihniyetleri de g\u00f6rd\u00fcm, Kimin ne hesab\u0131 oldu\u011funu \u00e7ok iyi biliyorum.<\/p><p>Ancak ben bug\u00fcn de yine k\u00fc\u00e7\u00fck hesaplar\u0131n i\u00e7inde olmayaca\u011f\u0131m.<br><br>Mutluyum, \u00fclkemizin en k\u00f6kl\u00fc camias\u0131 Fenerbah\u00e7e Spor Kul\u00fcb\u00fc\u2019nde futbolcu, teknik direkt\u00f6r ve sportif direkt\u00f6r olarak hizmet verebildim.<br><br>Gururluyum ,sizlerin bana tek ger\u00e7ek yer olan sokakta g\u00f6sterdi\u011finiz tevecc\u00fch\u00fc hissettim.<\/p><p>Mah\u00e7ubiyetimiz yok \u015fevkle ter d\u00f6kt\u00fck: mahrumiyetimiz yok paray\u0131 ba\u015fat de\u011fer bilmedik.<br><br>Bildi\u011fim tek \u015fey ise kimse sayg\u0131nl\u0131\u011f\u0131n\u0131 kendi elleri ile teslim etmedik\u00e7e kaybetmez.<br><br>Sevgili Fenerbah\u00e7eliler;<\/p><p>Sizlere \u015fampiyonluk ile veda edebilmeyi \u00e7ok isterdim ama nasip olmad\u0131.<\/p><p>\u0130n\u015fallah beraberce kupalar kald\u0131rd\u0131\u011f\u0131m\u0131z zamanlar da elbet bir g\u00fcn gelecek.<\/p><p>Hepinizi Allah\u2019a emanet ediyorum.<\/p><p>Sizi \u00e7ok seviyorum.<\/p><p>Sayg\u0131 ve Sevgilerimle,<\/p><p><strong>Emre Bel\u00f6zo\u011flu<\/strong><\/p><\/blockquote>\n","protected":false},"excerpt":{"rendered":"<p>&nbsp;Fenerbah\u00e7e&#8217;nin Futbol A Tak\u0131m Direkt\u00f6r\u00fc ve Sportif Direkt\u00f6r\u00fc Emre Bel\u00f6zo\u011flu, yay\u0131mlad\u0131\u011f\u0131 mesajla Sar\u0131-Lacivertliler&#8217;e veda etti. Mesaj\u0131na kul\u00fcp ba\u015fkan\u0131 Ali Ko\u00e7&#8217;a, mesai arkada\u015flar\u0131 ve futbolculara, kul\u00fcp personeline, hukuk ve finans ekibi ile futbol koordinasyon ekibine te\u015fekk\u00fcr ederek ba\u015flayan Bel\u00f6zo\u011flu&#8217;nun mesaj\u0131 \u015f\u00f6yle: B\u00fcy\u00fck Fenerbah\u00e7e Ailem\u2019e; De\u011ferli vaktinizi fazlaca almadan birka\u00e7 c\u00fcmle ile sizlerle duygular\u0131m\u0131 payla\u015fmak istiyorum. Y\u0131llar [&hellip;]<\/p>\n","protected":false},"author":1,"featured_media":13556,"comment_status":"closed","ping_status":"closed","sticky":false,"template":"","format":"standard","meta":{"jnews-multi-image_gallery":[],"jnews_single_post":{"subtitle":"Fenerbah\u00e7e Ba\u015fkan\u0131 Ali Ko\u00e7'un, yeni sezonda tak\u0131m\u0131n ba\u015f\u0131nda olmayaca\u011f\u0131n\u0131 duyurdu\u011fu Emre Bel\u00f6zo\u011flu, kul\u00fcp internet sitesinden veda mesaj\u0131 yay\u0131mlad\u0131.","format":"standard","video":"","gallery":"","source_name":"","source_url":"","via_name":"","via_url":"","override":[{"single_blog_custom":"","sidebar":"","second_sidebar":"","share_position":"","share_float_style":"","post_date_format":"","post_date_format_custom":"","post_reading_time_wpm":"","zoom_button_out_step":"1","zoom_button_in_step":"1","number_popup_post":"1"}],"image_override":[{"single_post_thumbnail_size":"","single_post_gallery_size":""}],"trending_post_position":"","trending_post_label":"","sponsored_post_label":"","sponsored_post_name":"","sponsored_post_url":"","sponsored_post_logo":"","sponsored_post_desc":""},"jnews_primary_category":{"id":"4"},"jnews_social_meta":{"fb_title":"","fb_description":"","fb_image":"","twitter_title":"","twitter_description":"","twitter_image":""},"jnews_override_counter":{"view_counter_number":"0","share_counter_number":"0","like_counter_number":"0","dislike_counter_number":"0"},"footnotes":""},"categories":[4,2],"tags":[23,54],"class_list":["post-13555","post","type-post","status-publish","format-standard","has-post-thumbnail","hentry","category-futbol","category-haberler","tag-fenerbahce","tag-futbol"],"amp_enabled":true,"_links":{"self":[{"href":"https:\/\/www.fener.org\/index.php\/wp-json\/wp\/v2\/posts\/13555","targetHints":{"allow":["GET"]}}],"collection":[{"href":"https:\/\/www.fener.org\/index.php\/wp-json\/wp\/v2\/posts"}],"about":[{"href":"https:\/\/www.fener.org\/index.php\/wp-json\/wp\/v2\/types\/post"}],"author":[{"embeddable":true,"href":"https:\/\/www.fener.org\/index.php\/wp-json\/wp\/v2\/users\/1"}],"replies":[{"embeddable":true,"href":"https:\/\/www.fener.org\/index.php\/wp-json\/wp\/v2\/comments?post=13555"}],"version-history":[{"count":1,"href":"https:\/\/www.fener.org\/index.php\/wp-json\/wp\/v2\/posts\/13555\/revisions"}],"predecessor-version":[{"id":13557,"href":"https:\/\/www.fener.org\/index.php\/wp-json\/wp\/v2\/posts\/13555\/revisions\/13557"}],"wp:featuredmedia":[{"embeddable":true,"href":"https:\/\/www.fener.org\/index.php\/wp-json\/wp\/v2\/media\/13556"}],"wp:attachment":[{"href":"https:\/\/www.fener.org\/index.php\/wp-json\/wp\/v2\/media?parent=13555"}],"wp:term":[{"taxonomy":"category","embeddable":true,"href":"https:\/\/www.fener.org\/index.php\/wp-json\/wp\/v2\/categories?post=13555"},{"taxonomy":"post_tag","embeddable":true,"href":"https:\/\/www.fener.org\/index.php\/wp-json\/wp\/v2\/tags?post=13555"}],"curies":[{"name":"wp","href":"https:\/\/api.w.org\/{rel}","templated":true}]}}