{"id":13547,"date":"2021-06-01T09:06:23","date_gmt":"2021-06-01T06:06:23","guid":{"rendered":"https:\/\/www.fener.org\/?p=13547"},"modified":"2021-06-01T09:06:29","modified_gmt":"2021-06-01T06:06:29","slug":"fenerbahcede-yeni-baskan-adayi","status":"publish","type":"post","link":"https:\/\/www.fener.org\/index.php\/2021\/06\/01\/fenerbahcede-yeni-baskan-adayi\/","title":{"rendered":"Fenerbah\u00e7e\u2019de yeni ba\u015fkan aday\u0131"},"content":{"rendered":"\n<p>Fenerbah\u00e7e&#8217;de 5-6 Haziran tarihlerinde, \u00e7o\u011funluk sa\u011flanamamas\u0131 durumunda 12-13 Haziran tarihlerinde yap\u0131lacak olan se\u00e7imlerde mevcut ba\u015fkan Ali Ko\u00e7&#8217;un ard\u0131ndan ikinci aday Ey\u00fcp Ye\u015filyurt oldu.<\/p>\n\n\n\n<p>1970 y\u0131l\u0131nda \u0130stanbul&#8217;da do\u011fan Ye\u015filyurt, ticaretle u\u011fra\u015f\u0131rken, ba\u015fkanl\u0131k \u00e7al\u0131\u015fmalar\u0131yla alakal\u0131 7 Haziran Pazartesi g\u00fcn\u00fc bir bas\u0131n toplant\u0131s\u0131 ger\u00e7ekle\u015ftirece\u011fini ifade etti.<\/p>\n\n\n\n<p>Adayl\u0131\u011f\u0131n sosyal medya hesab\u0131ndan yapt\u0131\u011f\u0131 payla\u015f\u0131mla duyuran Ye\u015filyurt, \u201cFenerbah\u00e7e\u2019nin haklar\u0131n\u0131 savunma konusunda ekranlarda esip g\u00fcrleyen, s\u00fcsl\u00fc ve iddial\u0131 sloganlar sarfeden de\u011fil, arka planda i\u015f bitiren, sonu\u00e7 odakl\u0131, vaadleri icraate d\u00f6n\u00fc\u015ft\u00fcrebilen g\u00fc\u00e7l\u00fc bir y\u00f6netim olaca\u011f\u0131z\u201d dedi.<\/p>\n\n\n\n<p>\u201cFenerbah\u00e7e sahipsiz de\u011fildir\u201d slogan\u0131yla yola \u00e7\u0131kt\u0131klar\u0131n\u0131 belirten Ye\u015filyurt, \u201cKul\u00fcb\u00fcm\u00fcze ge\u00e7mi\u015fte yanl\u0131\u015f yapm\u0131\u015f, hi\u00e7bir y\u00f6netici, futbolcu, personel veya ki\u015fiyi her ne sebeple olursa olsun kul\u00fcb\u00fcm\u00fczde g\u00f6rmeyeceksiniz. Hi\u00e7bir \u015fekilde plans\u0131zl\u0131\u011fa ve yolda de\u011fi\u015fen planlara anlay\u0131\u015f\u0131m\u0131z yok, olmayacak\u201d ifadelerini kulland\u0131.<\/p>\n\n\n\n<p>Ey\u00fcp Ye\u015filyurt\u2019un a\u00e7\u0131klamas\u0131 \u015f\u00f6yle:<\/p>\n\n\n\n<figure class=\"wp-block-embed is-type-rich is-provider-twitter wp-block-embed-twitter\"><div class=\"wp-block-embed__wrapper\">\nhttps:\/\/twitter.com\/eyupyesilyurtfb\/status\/1399405543895277572?s=20\n<\/div><\/figure>\n","protected":false},"excerpt":{"rendered":"<p>Fenerbah\u00e7e&#8217;de 5-6 Haziran tarihlerinde, \u00e7o\u011funluk sa\u011flanamamas\u0131 durumunda 12-13 Haziran tarihlerinde yap\u0131lacak olan se\u00e7imlerde mevcut ba\u015fkan Ali Ko\u00e7&#8217;un ard\u0131ndan ikinci aday Ey\u00fcp Ye\u015filyurt oldu. 1970 y\u0131l\u0131nda \u0130stanbul&#8217;da do\u011fan Ye\u015filyurt, ticaretle u\u011fra\u015f\u0131rken, ba\u015fkanl\u0131k \u00e7al\u0131\u015fmalar\u0131yla alakal\u0131 7 Haziran Pazartesi g\u00fcn\u00fc bir bas\u0131n toplant\u0131s\u0131 ger\u00e7ekle\u015ftirece\u011fini ifade etti. Adayl\u0131\u011f\u0131n sosyal medya hesab\u0131ndan yapt\u0131\u011f\u0131 payla\u015f\u0131mla duyuran Ye\u015filyurt, \u201cFenerbah\u00e7e\u2019nin haklar\u0131n\u0131 savunma konusunda [&hellip;]<\/p>\n","protected":false},"author":1,"featured_media":1378,"comment_status":"closed","ping_status":"closed","sticky":false,"template":"","format":"standard","meta":{"jnews-multi-image_gallery":[],"jnews_single_post":{"subtitle":"Fenerbah\u00e7e\u2019de ger\u00e7ekle\u015ftirilecek olan ba\u015fkanl\u0131k se\u00e7imi \u00f6ncesinde Ey\u00fcp Ye\u015filyurt adayl\u0131\u011f\u0131n\u0131 a\u00e7\u0131klad\u0131.","format":"standard","video":"","gallery":"","source_name":"","source_url":"","via_name":"","via_url":"","override":[{"single_blog_custom":"","sidebar":"","second_sidebar":"","share_position":"","share_float_style":"","post_date_format":"","post_date_format_custom":"","post_reading_time_wpm":"","zoom_button_out_step":"1","zoom_button_in_step":"1","number_popup_post":"1"}],"image_override":[{"single_post_thumbnail_size":"","single_post_gallery_size":""}],"trending_post_position":"","trending_post_label":"","sponsored_post_label":"","sponsored_post_name":"","sponsored_post_url":"","sponsored_post_logo":"","sponsored_post_desc":""},"jnews_primary_category":{"id":"3"},"jnews_social_meta":{"fb_title":"","fb_description":"","fb_image":"","twitter_title":"","twitter_description":"","twitter_image":""},"jnews_override_counter":{"view_counter_number":"0","share_counter_number":"0","like_counter_number":"0","dislike_counter_number":"0"},"footnotes":""},"categories":[2,3],"tags":[],"class_list":["post-13547","post","type-post","status-publish","format-standard","has-post-thumbnail","hentry","category-haberler","category-kulup"],"amp_enabled":true,"_links":{"self":[{"href":"https:\/\/www.fener.org\/index.php\/wp-json\/wp\/v2\/posts\/13547","targetHints":{"allow":["GET"]}}],"collection":[{"href":"https:\/\/www.fener.org\/index.php\/wp-json\/wp\/v2\/posts"}],"about":[{"href":"https:\/\/www.fener.org\/index.php\/wp-json\/wp\/v2\/types\/post"}],"author":[{"embeddable":true,"href":"https:\/\/www.fener.org\/index.php\/wp-json\/wp\/v2\/users\/1"}],"replies":[{"embeddable":true,"href":"https:\/\/www.fener.org\/index.php\/wp-json\/wp\/v2\/comments?post=13547"}],"version-history":[{"count":1,"href":"https:\/\/www.fener.org\/index.php\/wp-json\/wp\/v2\/posts\/13547\/revisions"}],"predecessor-version":[{"id":13548,"href":"https:\/\/www.fener.org\/index.php\/wp-json\/wp\/v2\/posts\/13547\/revisions\/13548"}],"wp:featuredmedia":[{"embeddable":true,"href":"https:\/\/www.fener.org\/index.php\/wp-json\/wp\/v2\/media\/1378"}],"wp:attachment":[{"href":"https:\/\/www.fener.org\/index.php\/wp-json\/wp\/v2\/media?parent=13547"}],"wp:term":[{"taxonomy":"category","embeddable":true,"href":"https:\/\/www.fener.org\/index.php\/wp-json\/wp\/v2\/categories?post=13547"},{"taxonomy":"post_tag","embeddable":true,"href":"https:\/\/www.fener.org\/index.php\/wp-json\/wp\/v2\/tags?post=13547"}],"curies":[{"name":"wp","href":"https:\/\/api.w.org\/{rel}","templated":true}]}}