{"id":13501,"date":"2021-05-28T10:53:16","date_gmt":"2021-05-28T07:53:16","guid":{"rendered":"https:\/\/www.fener.org\/?p=13501"},"modified":"2021-05-28T10:53:21","modified_gmt":"2021-05-28T07:53:21","slug":"fenerbahce-hdi-sigorta-caner-peksen-ile-yollari-ayirdi","status":"publish","type":"post","link":"https:\/\/www.fener.org\/index.php\/2021\/05\/28\/fenerbahce-hdi-sigorta-caner-peksen-ile-yollari-ayirdi\/","title":{"rendered":"Fenerbah\u00e7e HDI Sigorta, Caner Pek\u015fen ile yollar\u0131 ay\u0131rd\u0131"},"content":{"rendered":"\n<p>Fenerbah\u00e7e HDI Sigorta Erkek Voleybol Tak\u0131m\u0131m\u0131z, yeni sezon yap\u0131lanmas\u0131 kapsam\u0131nda 1 sezon boyunca tak\u0131m\u0131m\u0131z\u0131n formas\u0131n\u0131 giyen pas\u00f6r Caner Pek\u015fen ile yollar\u0131n\u0131 ay\u0131rd\u0131.<\/p>\n\n\n\n<p>Kul\u00fcb\u00fcm\u00fcz\u00fcn resmi sitesinde yap\u0131lan a\u00e7\u0131klamada \u015f\u00f6yle denildi:<\/p>\n\n\n\n<blockquote class=\"wp-block-quote is-layout-flow wp-block-quote-is-layout-flow\"><p>Fenerbah\u00e7e HDI Sigorta Erkek Voleybol Tak\u0131m\u0131m\u0131z\u0131n yeni sezon yap\u0131lanmas\u0131 kapsam\u0131nda pas\u00f6r Caner Pek\u015fen ile yollar ayr\u0131lm\u0131\u015ft\u0131r.<\/p><p>Formam\u0131z\u0131 giydi\u011fi 1 sezon boyunca ortaya koydu\u011fu t\u00fcm emekleri i\u00e7in Caner Pek\u015fen&#8217;e te\u015fekk\u00fcr ediyor, kariyerinin bundan sonraki d\u00f6neminde kendisine ba\u015far\u0131lar diliyoruz.<\/p><p><strong>Fenerbah\u00e7e Spor Kul\u00fcb\u00fc<\/strong><\/p><\/blockquote>\n","protected":false},"excerpt":{"rendered":"<p>Fenerbah\u00e7e HDI Sigorta Erkek Voleybol Tak\u0131m\u0131m\u0131z, yeni sezon yap\u0131lanmas\u0131 kapsam\u0131nda 1 sezon boyunca tak\u0131m\u0131m\u0131z\u0131n formas\u0131n\u0131 giyen pas\u00f6r Caner Pek\u015fen ile yollar\u0131n\u0131 ay\u0131rd\u0131. Kul\u00fcb\u00fcm\u00fcz\u00fcn resmi sitesinde yap\u0131lan a\u00e7\u0131klamada \u015f\u00f6yle denildi: Fenerbah\u00e7e HDI Sigorta Erkek Voleybol Tak\u0131m\u0131m\u0131z\u0131n yeni sezon yap\u0131lanmas\u0131 kapsam\u0131nda pas\u00f6r Caner Pek\u015fen ile yollar ayr\u0131lm\u0131\u015ft\u0131r. Formam\u0131z\u0131 giydi\u011fi 1 sezon boyunca ortaya koydu\u011fu t\u00fcm emekleri i\u00e7in [&hellip;]<\/p>\n","protected":false},"author":1,"featured_media":13502,"comment_status":"closed","ping_status":"closed","sticky":false,"template":"","format":"standard","meta":{"jnews-multi-image_gallery":[],"jnews_single_post":{"subtitle":"Fenerbah\u00e7e Erkek Voleybol Tak\u0131m\u0131m\u0131z, oyuncumuz pas\u00f6r Caner Pek\u015fen ile yollar\u0131n ayr\u0131ld\u0131\u011f\u0131n\u0131 a\u00e7\u0131klad\u0131.","format":"standard","video":"","gallery":"","source_name":"","source_url":"","via_name":"","via_url":"","override":[{"single_blog_custom":"","sidebar":"","second_sidebar":"","share_position":"","share_float_style":"","post_date_format":"","post_date_format_custom":"","post_reading_time_wpm":"","zoom_button_out_step":"1","zoom_button_in_step":"1","number_popup_post":"1"}],"image_override":[{"single_post_thumbnail_size":"","single_post_gallery_size":""}],"trending_post_position":"","trending_post_label":"","sponsored_post_label":"","sponsored_post_name":"","sponsored_post_url":"","sponsored_post_logo":"","sponsored_post_desc":""},"jnews_primary_category":{"id":"8"},"jnews_social_meta":{"fb_title":"","fb_description":"","fb_image":"","twitter_title":"","twitter_description":"","twitter_image":""},"jnews_override_counter":{"view_counter_number":"0","share_counter_number":"0","like_counter_number":"0","dislike_counter_number":"0"},"footnotes":""},"categories":[9,2,8],"tags":[23,29],"class_list":["post-13501","post","type-post","status-publish","format-standard","has-post-thumbnail","hentry","category-erkek-voleybol","category-haberler","category-voleybol","tag-fenerbahce","tag-voleybol"],"amp_enabled":true,"_links":{"self":[{"href":"https:\/\/www.fener.org\/index.php\/wp-json\/wp\/v2\/posts\/13501","targetHints":{"allow":["GET"]}}],"collection":[{"href":"https:\/\/www.fener.org\/index.php\/wp-json\/wp\/v2\/posts"}],"about":[{"href":"https:\/\/www.fener.org\/index.php\/wp-json\/wp\/v2\/types\/post"}],"author":[{"embeddable":true,"href":"https:\/\/www.fener.org\/index.php\/wp-json\/wp\/v2\/users\/1"}],"replies":[{"embeddable":true,"href":"https:\/\/www.fener.org\/index.php\/wp-json\/wp\/v2\/comments?post=13501"}],"version-history":[{"count":2,"href":"https:\/\/www.fener.org\/index.php\/wp-json\/wp\/v2\/posts\/13501\/revisions"}],"predecessor-version":[{"id":13504,"href":"https:\/\/www.fener.org\/index.php\/wp-json\/wp\/v2\/posts\/13501\/revisions\/13504"}],"wp:featuredmedia":[{"embeddable":true,"href":"https:\/\/www.fener.org\/index.php\/wp-json\/wp\/v2\/media\/13502"}],"wp:attachment":[{"href":"https:\/\/www.fener.org\/index.php\/wp-json\/wp\/v2\/media?parent=13501"}],"wp:term":[{"taxonomy":"category","embeddable":true,"href":"https:\/\/www.fener.org\/index.php\/wp-json\/wp\/v2\/categories?post=13501"},{"taxonomy":"post_tag","embeddable":true,"href":"https:\/\/www.fener.org\/index.php\/wp-json\/wp\/v2\/tags?post=13501"}],"curies":[{"name":"wp","href":"https:\/\/api.w.org\/{rel}","templated":true}]}}