{"id":13492,"date":"2021-05-28T08:56:59","date_gmt":"2021-05-28T05:56:59","guid":{"rendered":"https:\/\/www.fener.org\/?p=13492"},"modified":"2021-05-28T08:57:04","modified_gmt":"2021-05-28T05:57:04","slug":"salvador-hidalgo-olivanin-sozlesmesi-1-yil-uzatildi","status":"publish","type":"post","link":"https:\/\/www.fener.org\/index.php\/2021\/05\/28\/salvador-hidalgo-olivanin-sozlesmesi-1-yil-uzatildi\/","title":{"rendered":"Salvador Hidalgo Oliva\u2019n\u0131n s\u00f6zle\u015fmesi 1 y\u0131l uzat\u0131ld\u0131"},"content":{"rendered":"\n<p>Fenerbah\u00e7e HDI Sigorta Erkek Voleybol Tak\u0131m\u0131m\u0131z\u0131n kadrosunda 2019 y\u0131l\u0131ndan beri yer alan K\u00fcbal\u0131 sma\u00e7\u00f6r Salvador Hidalgo Oliva&#8217;n\u0131n s\u00f6zle\u015fmesi 1 y\u0131l uzat\u0131ld\u0131.<\/p>\n\n\n\n<p>Kul\u00fcb\u00fcm\u00fcz\u00fcn resmi sitesinde yap\u0131lan a\u00e7\u0131klamada \u015f\u00f6yle denildi:<\/p>\n\n\n\n<blockquote class=\"wp-block-quote is-layout-flow wp-block-quote-is-layout-flow\"><p>Fenerbah\u00e7e HDI Sigorta Erkek Voleybol Tak\u0131m\u0131m\u0131z\u0131n formas\u0131n\u0131 2019 y\u0131l\u0131ndan bu yana ba\u015far\u0131yla terleten ve elde edilen ba\u015far\u0131larda \u00f6nemli rol oynayan K\u00fcbal\u0131 sma\u00e7\u00f6r\u00fcm\u00fcz Salvador Hidalgo Oliva 1 y\u0131l daha bizimle.<br>\u00a0<br>2021-2022 sezonunda tak\u0131m\u0131m\u0131z\u0131n formas\u0131n\u0131 giyecek olan Hidalgo\u2019ya ba\u015far\u0131lar diliyoruz.<br>\u00a0<br><strong>\u00a0Fenerbah\u00e7e Spor Kul\u00fcb\u00fc<\/strong><\/p><\/blockquote>\n","protected":false},"excerpt":{"rendered":"<p>Fenerbah\u00e7e HDI Sigorta Erkek Voleybol Tak\u0131m\u0131m\u0131z\u0131n kadrosunda 2019 y\u0131l\u0131ndan beri yer alan K\u00fcbal\u0131 sma\u00e7\u00f6r Salvador Hidalgo Oliva&#8217;n\u0131n s\u00f6zle\u015fmesi 1 y\u0131l uzat\u0131ld\u0131. Kul\u00fcb\u00fcm\u00fcz\u00fcn resmi sitesinde yap\u0131lan a\u00e7\u0131klamada \u015f\u00f6yle denildi: Fenerbah\u00e7e HDI Sigorta Erkek Voleybol Tak\u0131m\u0131m\u0131z\u0131n formas\u0131n\u0131 2019 y\u0131l\u0131ndan bu yana ba\u015far\u0131yla terleten ve elde edilen ba\u015far\u0131larda \u00f6nemli rol oynayan K\u00fcbal\u0131 sma\u00e7\u00f6r\u00fcm\u00fcz Salvador Hidalgo Oliva 1 y\u0131l [&hellip;]<\/p>\n","protected":false},"author":1,"featured_media":13493,"comment_status":"closed","ping_status":"closed","sticky":false,"template":"","format":"standard","meta":{"jnews-multi-image_gallery":[],"jnews_single_post":{"subtitle":"Fenerbah\u00e7e Erkek Voleybol Tak\u0131m\u0131m\u0131z, tak\u0131m\u0131m\u0131z\u0131n formas\u0131n\u0131 2019 y\u0131l\u0131ndan bu yana ba\u015far\u0131yla ta\u015f\u0131yan K\u00fcbal\u0131 sma\u00e7\u00f6r Salvador Hidalgo Oliva'n\u0131n s\u00f6zle\u015fmesini 1 y\u0131l uzatt\u0131.","format":"standard","video":"","gallery":"","source_name":"","source_url":"","via_name":"","via_url":"","override":[{"single_blog_custom":"","sidebar":"","second_sidebar":"","share_position":"","share_float_style":"","post_date_format":"","post_date_format_custom":"","post_reading_time_wpm":"","zoom_button_out_step":"1","zoom_button_in_step":"1","number_popup_post":"1"}],"image_override":[{"single_post_thumbnail_size":"","single_post_gallery_size":""}],"trending_post_position":"","trending_post_label":"","sponsored_post_label":"","sponsored_post_name":"","sponsored_post_url":"","sponsored_post_logo":"","sponsored_post_desc":""},"jnews_primary_category":{"id":"8"},"jnews_social_meta":{"fb_title":"","fb_description":"","fb_image":"","twitter_title":"","twitter_description":"","twitter_image":""},"jnews_override_counter":{"view_counter_number":"0","share_counter_number":"0","like_counter_number":"0","dislike_counter_number":"0"},"footnotes":""},"categories":[9,2,8],"tags":[23,29],"class_list":["post-13492","post","type-post","status-publish","format-standard","has-post-thumbnail","hentry","category-erkek-voleybol","category-haberler","category-voleybol","tag-fenerbahce","tag-voleybol"],"amp_enabled":true,"_links":{"self":[{"href":"https:\/\/www.fener.org\/index.php\/wp-json\/wp\/v2\/posts\/13492","targetHints":{"allow":["GET"]}}],"collection":[{"href":"https:\/\/www.fener.org\/index.php\/wp-json\/wp\/v2\/posts"}],"about":[{"href":"https:\/\/www.fener.org\/index.php\/wp-json\/wp\/v2\/types\/post"}],"author":[{"embeddable":true,"href":"https:\/\/www.fener.org\/index.php\/wp-json\/wp\/v2\/users\/1"}],"replies":[{"embeddable":true,"href":"https:\/\/www.fener.org\/index.php\/wp-json\/wp\/v2\/comments?post=13492"}],"version-history":[{"count":1,"href":"https:\/\/www.fener.org\/index.php\/wp-json\/wp\/v2\/posts\/13492\/revisions"}],"predecessor-version":[{"id":13494,"href":"https:\/\/www.fener.org\/index.php\/wp-json\/wp\/v2\/posts\/13492\/revisions\/13494"}],"wp:featuredmedia":[{"embeddable":true,"href":"https:\/\/www.fener.org\/index.php\/wp-json\/wp\/v2\/media\/13493"}],"wp:attachment":[{"href":"https:\/\/www.fener.org\/index.php\/wp-json\/wp\/v2\/media?parent=13492"}],"wp:term":[{"taxonomy":"category","embeddable":true,"href":"https:\/\/www.fener.org\/index.php\/wp-json\/wp\/v2\/categories?post=13492"},{"taxonomy":"post_tag","embeddable":true,"href":"https:\/\/www.fener.org\/index.php\/wp-json\/wp\/v2\/tags?post=13492"}],"curies":[{"name":"wp","href":"https:\/\/api.w.org\/{rel}","templated":true}]}}