{"id":13460,"date":"2021-05-24T07:59:19","date_gmt":"2021-05-24T04:59:19","guid":{"rendered":"https:\/\/www.fener.org\/?p=13460"},"modified":"2021-05-24T07:59:24","modified_gmt":"2021-05-24T04:59:24","slug":"fenerbahce-beko-pinar-karsiyakaya-konuk-oluyor-2","status":"publish","type":"post","link":"https:\/\/www.fener.org\/index.php\/2021\/05\/24\/fenerbahce-beko-pinar-karsiyakaya-konuk-oluyor-2\/","title":{"rendered":"Fenerbah\u00e7e Beko, P\u0131nar Kar\u015f\u0131yaka\u2019ya konuk oluyor"},"content":{"rendered":"\n<p>Fenerbah\u00e7e Beko Erkek Basketbol Tak\u0131m\u0131m\u0131z, ING Basketbol S\u00fcper Ligi play-off yar\u0131 final serisi \u00fc\u00e7\u00fcnc\u00fc ma\u00e7\u0131nda P\u0131nar Kar\u015f\u0131yaka\u2019ya konuk oluyor. Bug\u00fcn (24 May\u0131s Pazartesi g\u00fcn\u00fc) saat 19.30\u2019da Mustafa Kemal Atat\u00fcrk Kar\u015f\u0131yaka Salonu\u2019nda oynanacak m\u00fccadele Tivibu Spor 2 taraf\u0131ndan canl\u0131 yay\u0131nlanacak.<\/p>\n\n\n\n<p>Tak\u0131m\u0131m\u0131z, play-off yar\u0131 final serisinin 20 May\u0131s Per\u015fembe g\u00fcn\u00fc \u00dclker Spor ve Etkinlik Salonu\u2019nda oynanan ilk kar\u015f\u0131la\u015fmas\u0131nda rakibini 83-79 ile ge\u00e7ti. Fenerbah\u00e7e Beko\u2019da en etkili isimler 22 say\u0131, 7 asist, 3 ribaund ile Nando De Colo ve 14 say\u0131, 7 ribaund, 2 asist ile Danilo Barthel oldu. P\u0131nar Kar\u015f\u0131yaka\u2019da ise Tony Taylor 20, Sek Henry 16, Amath M\u2019Baye ise 14 say\u0131 buldu. Fenerbah\u00e7e Beko&#8217;da Ahmet D\u00fcverio\u011flu, babas\u0131n\u0131n vefat\u0131 nedeniyle ma\u00e7 kadrosunda yer alamad\u0131.<\/p>\n\n\n\n<p>Yar\u0131 finalin 22 May\u0131s Cumartesi g\u00fcn\u00fc \u00dclker Spor ve Etkinlik Salonu\u2019nda oynanan ikinci m\u00fccadelesine, sakatl\u0131klar\u0131 nedeniyle forma giyemeyen Dyshawn Pierre ile Nando De Colo\u2019nun yan\u0131 s\u0131ra, babas\u0131n\u0131n vefat\u0131 nedeniyle ma\u00e7 kadrosunda yer alamayan Ahmet D\u00fcverio\u011flu\u2019ndan yoksun \u00e7\u0131kan Fenerbah\u00e7e Beko, ma\u00e7\u0131 71-80 kaybetti. Ekibimizde Danilo Barthel 15, Jan Vesely 14 say\u0131 \u00fcretti. P\u0131nar Kar\u015f\u0131yaka cephesinde ise Raymar Morgan 21, Amath M\u2019Baye 17 say\u0131 buldu.<\/p>\n\n\n\n<p>1-1\u2019lik e\u015fitli\u011fin bulundu\u011fu yar\u0131 final serisinde \u00fc\u00e7 galibiyet alan tak\u0131m finale y\u00fckselecek. Seride d\u00f6rd\u00fcnc\u00fc kar\u015f\u0131la\u015fma 26 May\u0131s \u00c7ar\u015famba g\u00fcn\u00fc 19.30&#8217;da Mustafa Kemal Atat\u00fcrk Kar\u015f\u0131yaka Spor Salonu\u2019nda oynanacak. Gerekmesi durumunda be\u015finci kar\u015f\u0131la\u015fma ise 28 May\u0131s Cuma g\u00fcn\u00fc \u00dclker Spor ve Etkinlik Salonu\u2019nda yap\u0131lacak.<\/p>\n\n\n\n<p>Fenerbah\u00e7e Beko\u2019nun \u0130zmir kafilesinde, sakatl\u0131\u011f\u0131 bulunan Dyshawn Pierre yer alm\u0131yor.<\/p>\n","protected":false},"excerpt":{"rendered":"<p>Fenerbah\u00e7e Beko Erkek Basketbol Tak\u0131m\u0131m\u0131z, ING Basketbol S\u00fcper Ligi play-off yar\u0131 final serisi \u00fc\u00e7\u00fcnc\u00fc ma\u00e7\u0131nda P\u0131nar Kar\u015f\u0131yaka\u2019ya konuk oluyor. Bug\u00fcn (24 May\u0131s Pazartesi g\u00fcn\u00fc) saat 19.30\u2019da Mustafa Kemal Atat\u00fcrk Kar\u015f\u0131yaka Salonu\u2019nda oynanacak m\u00fccadele Tivibu Spor 2 taraf\u0131ndan canl\u0131 yay\u0131nlanacak. Tak\u0131m\u0131m\u0131z, play-off yar\u0131 final serisinin 20 May\u0131s Per\u015fembe g\u00fcn\u00fc \u00dclker Spor ve Etkinlik Salonu\u2019nda oynanan ilk [&hellip;]<\/p>\n","protected":false},"author":1,"featured_media":13461,"comment_status":"closed","ping_status":"closed","sticky":false,"template":"","format":"standard","meta":{"jnews-multi-image_gallery":[],"jnews_single_post":{"subtitle":"Fenerbah\u00e7e Erkek Basketbol Tak\u0131m\u0131m\u0131z, Basketbol S\u00fcper Ligi play-off yar\u0131 final serisi \u00fc\u00e7\u00fcnc\u00fc ma\u00e7\u0131nda deplasmanda P\u0131nar Kar\u015f\u0131yaka ile kar\u015f\u0131la\u015f\u0131yor.","format":"standard","video":"","gallery":"","source_name":"","source_url":"","via_name":"","via_url":"","override":[{"single_blog_custom":"","sidebar":"","second_sidebar":"","share_position":"","share_float_style":"","post_date_format":"","post_date_format_custom":"","post_reading_time_wpm":"","zoom_button_out_step":"1","zoom_button_in_step":"1","number_popup_post":"1"}],"image_override":[{"single_post_thumbnail_size":"","single_post_gallery_size":""}],"trending_post_position":"","trending_post_label":"","sponsored_post_label":"","sponsored_post_name":"","sponsored_post_url":"","sponsored_post_logo":"","sponsored_post_desc":""},"jnews_primary_category":{"id":"5"},"jnews_social_meta":{"fb_title":"","fb_description":"","fb_image":"","twitter_title":"","twitter_description":"","twitter_image":""},"jnews_override_counter":{"view_counter_number":"0","share_counter_number":"0","like_counter_number":"0","dislike_counter_number":"0"},"footnotes":""},"categories":[5,6,2],"tags":[24,23],"class_list":["post-13460","post","type-post","status-publish","format-standard","has-post-thumbnail","hentry","category-basketbol","category-erkek-basketbol","category-haberler","tag-basketbol","tag-fenerbahce"],"amp_enabled":true,"_links":{"self":[{"href":"https:\/\/www.fener.org\/index.php\/wp-json\/wp\/v2\/posts\/13460","targetHints":{"allow":["GET"]}}],"collection":[{"href":"https:\/\/www.fener.org\/index.php\/wp-json\/wp\/v2\/posts"}],"about":[{"href":"https:\/\/www.fener.org\/index.php\/wp-json\/wp\/v2\/types\/post"}],"author":[{"embeddable":true,"href":"https:\/\/www.fener.org\/index.php\/wp-json\/wp\/v2\/users\/1"}],"replies":[{"embeddable":true,"href":"https:\/\/www.fener.org\/index.php\/wp-json\/wp\/v2\/comments?post=13460"}],"version-history":[{"count":1,"href":"https:\/\/www.fener.org\/index.php\/wp-json\/wp\/v2\/posts\/13460\/revisions"}],"predecessor-version":[{"id":13462,"href":"https:\/\/www.fener.org\/index.php\/wp-json\/wp\/v2\/posts\/13460\/revisions\/13462"}],"wp:featuredmedia":[{"embeddable":true,"href":"https:\/\/www.fener.org\/index.php\/wp-json\/wp\/v2\/media\/13461"}],"wp:attachment":[{"href":"https:\/\/www.fener.org\/index.php\/wp-json\/wp\/v2\/media?parent=13460"}],"wp:term":[{"taxonomy":"category","embeddable":true,"href":"https:\/\/www.fener.org\/index.php\/wp-json\/wp\/v2\/categories?post=13460"},{"taxonomy":"post_tag","embeddable":true,"href":"https:\/\/www.fener.org\/index.php\/wp-json\/wp\/v2\/tags?post=13460"}],"curies":[{"name":"wp","href":"https:\/\/api.w.org\/{rel}","templated":true}]}}