{"id":13451,"date":"2021-05-22T17:24:11","date_gmt":"2021-05-22T14:24:11","guid":{"rendered":"https:\/\/www.fener.org\/?p=13451"},"modified":"2021-05-22T17:24:17","modified_gmt":"2021-05-22T14:24:17","slug":"fenerbahce-beko-71-80-pinar-karsiyaka","status":"publish","type":"post","link":"https:\/\/www.fener.org\/index.php\/2021\/05\/22\/fenerbahce-beko-71-80-pinar-karsiyaka\/","title":{"rendered":"Fenerbah\u00e7e Beko 71-80 P\u0131nar Kar\u015f\u0131yaka"},"content":{"rendered":"\n<p>Fenerbah\u00e7e Beko Erkek Basketbol Tak\u0131m\u0131m\u0131z, ING Basketbol S\u00fcper Ligi play-off yar\u0131 final ikinci ma\u00e7\u0131nda P\u0131nar Kar\u015f\u0131yaka\u2019y\u0131 konuk etti. Tak\u0131m\u0131m\u0131z, \u00dclker Spor ve Etkinlik Salonu\u2019nda oynanan m\u00fccadeleden 71-80 ma\u011flup ayr\u0131ld\u0131 ve seride durum 1-1\u2019e geldi.<\/p>\n\n\n\n<p>P\u0131nar Kar\u015f\u0131yaka ile oynad\u0131\u011f\u0131m\u0131z serinin ilk ma\u00e7\u0131nda sakatlanan Dyshawn Pierre\u2019in tedavisine ba\u015fland\u0131. Bu ma\u00e7ta forma giyemeyen oyuncumuzun durumu ilerleyen g\u00fcnlerde netlik kazanacak. Nando De Colo ise sakatl\u0131\u011f\u0131 nedeniyle bu kar\u015f\u0131la\u015fmada forma giyemedi.<\/p>\n\n\n\n<p>Tak\u0131m\u0131m\u0131z m\u00fccadeleye Marko Guduric, Melih Mahmuto\u011flu, Danilo Barthel, Jan Vesely ve Kenan Sipahi be\u015fiyle ba\u015flad\u0131.<\/p>\n\n\n\n<p>Hava at\u0131\u015f\u0131 sonunda ilk h\u00fccum hakk\u0131n\u0131 kazanan Fenerbah\u00e7emiz, ma\u00e7\u0131n ilk say\u0131lar\u0131n\u0131 Marko Guduric\u2019le buldu (3-0). P\u0131nar Kar\u015f\u0131yaka\u2019n\u0131n ilk say\u0131lar\u0131n\u0131 \u00fcreten isimse Tony Taylor oldu (3-2). Orta mesafede olduk\u00e7a rahat basket bulan Jan Vesely ile 5-2\u2019yi bulan Fenerbah\u00e7e Beko Erkek Basketbol Tak\u0131m\u0131m\u0131z, bu dakikalara savunmada da rakibine ge\u00e7it vermedi. Devam\u0131nda Raymar Morgan ve Tony Taylor\u2019la 5-0\u2019l\u0131k bir seri bulan \u0130zmir temsilcisi, skoru 5-7 yapt\u0131. Bu skor kar\u015f\u0131s\u0131nda pota alt\u0131nda ald\u0131\u011f\u0131 toplarla rakibe zor anlar ya\u015fatan Danilo Barthel\u2019le 9-7\u2019yi bulan Fenerbah\u00e7emiz yeniden \u00f6ne ge\u00e7ti. \u00c7eyrekte son 5 dakikan\u0131n i\u00e7ine girilirken kenardan gelen Metecan Birsen ve M Baye\u2019den \u00f6nemli katk\u0131lar alan P\u0131nar Kar\u015f\u0131yaka, bitime 2 dakika kala 12-19\u2019luk \u00fcst\u00fcnl\u00fc\u011f\u00fc yakalad\u0131. Ancak rakibinin fark\u0131 a\u00e7mas\u0131na Melih Mahmuto\u011flu, Alex Perez ve Danilo Barthel\u2019le izin vermeyen Erkek Basketbol Tak\u0131m\u0131m\u0131z, fark\u0131 1 say\u0131ya indirdi (20-21). P\u0131nar Kar\u015f\u0131yaka, \u00e7eyre\u011fin son saniyelerinde Tony Taylor\u2019\u0131n basketiyle fark\u0131 3 say\u0131ya (20-23) \u00e7\u0131kart\u0131rken, bu skor ayn\u0131 zamanda ilk \u00e7eyre\u011fin sonucunu belirledi.<\/p>\n\n\n\n<p>\u0130kinci \u00e7eyrekte ilk basket M Baye\u2019den geldi (20-25). Rakibine Marko Guduric\u2019in basket faul\u00fcyle cevap veren Tak\u0131m\u0131m\u0131z, fark\u0131 2 say\u0131ya indirdi (23-25). \u00c7eyre\u011fin hemen ba\u015f\u0131nda Semih Erden ve Metecan Birsel\u2019le bir ritim bulan P\u0131nar Kar\u015f\u0131yaka, fark\u0131 7 say\u0131ya kadar \u00e7\u0131kard\u0131 (23-30). Ba\u015fantren\u00f6r\u00fcm\u00fcz Igor Kokoskov bu skor kar\u015f\u0131s\u0131nda mola al\u0131rken mola d\u00f6n\u00fc\u015f\u00fcnde Kyle O Quinn\u2019in yan\u0131 s\u0131ra Jan Vesely ve Ali Muhammed\u2019in ikili oyunlar\u0131yla 7-0\u2019l\u0131k bir seriye imza atan Fenerbah\u00e7e Beko Erkek Basketbol Tak\u0131m\u0131m\u0131z, skora denge getirdi (30-30). Son 5 dakikaya 32-32\u2019lik skorla girilirken Raymar Morgan ve Tony Taylor\u2019la skor \u00fcretmeye devam eden \u0130zmir temsilcisi, 33-38\u2019i yakalad\u0131. Soyunma odas\u0131na ise 37-41\u2019lik skorla \u00f6nde giren taraf konuk tak\u0131m oldu.<\/p>\n\n\n\n<p>Kenan Sipahi ile Raymar Morgan\u2019\u0131n kar\u015f\u0131l\u0131kl\u0131 basketleriyle ba\u015flayan \u00fc\u00e7\u00fcnc\u00fc \u00e7eyrekte Marko Guduric\u2019in 6-0\u2019l\u0131k serisiyle r\u00fczgar\u0131 arkas\u0131na alan Fenerbah\u00e7e Beko \u00f6ne ge\u00e7ti (45-44). M Baye ve Henry ikilisiyle bu kez 6-0\u2019l\u0131k seri yakalayan konuk tak\u0131m, 45-50\u2019lik \u00fcst\u00fcnl\u00fc\u011f\u00fc yakalad\u0131. \u00dc\u00e7\u00fcnc\u00fc \u00e7eyrekte son 1:30\u2019un i\u00e7ine 54-58 \u00f6ne giren P\u0131nar Kar\u015f\u0131yaka kar\u015f\u0131s\u0131nda Tar\u0131k Biberovic\u2019i devreye sokan ve \u00f6nemli katk\u0131lar alan Fenerbah\u00e7emiz fark\u0131 1 say\u0131ya indirdi (57-58). Final periyotuna ise P\u0131nar Kar\u015f\u0131yaka\u2019n\u0131n 59-64\u2019l\u00fck \u00fcst\u00fcnl\u00fc\u011f\u00fcyle gidildi.<\/p>\n\n\n\n<p>Son \u00e7eyrekte Tar\u0131k Biberovic ve Jan Vesely \u00e7iftiyle bir ritim bulan Fenerbah\u00e7emiz, fark\u0131 1 say\u0131ya indirdi (65-66). Her iki tak\u0131m\u0131n da uzun s\u00fcre skor \u00fcretmekte zorluk \u00e7ekti\u011fi \u00e7eyrekte son 3 dakikan\u0131n i\u00e7ine 65-71\u2019lik P\u0131nar Kar\u015f\u0131yaka\u2019n\u0131n \u00fcst\u00fcnl\u00fc\u011f\u00fcyle ge\u00e7ilirken, Fenerbah\u00e7emizde Jan Vesely\u2019den bir alleyoop geldi ve fark 4 say\u0131ya indi (67-71). Ma\u00e7ta son dakikalar b\u00fcy\u00fck bir \u00e7eki\u015fmeye sahne olurken 71-80\u2019lik skorla kazanan taraf konuk tak\u0131m P\u0131nar Kar\u015f\u0131yaka oldu. B\u00f6ylece ING Basketbol S\u00fcper Ligi play-off yar\u0131 final serisinde durum 1-1\u2019e geldi.<\/p>\n\n\n\n<p>Seride \u00fc\u00e7\u00fcnc\u00fc kar\u015f\u0131la\u015fma, 24 May\u0131s Pazartesi g\u00fcn\u00fc Mustafa Kemal Atat\u00fcrk Kar\u015f\u0131yaka Spor Salonu\u2019nda oynanacak.<\/p>\n","protected":false},"excerpt":{"rendered":"<p>Fenerbah\u00e7e Beko Erkek Basketbol Tak\u0131m\u0131m\u0131z, ING Basketbol S\u00fcper Ligi play-off yar\u0131 final ikinci ma\u00e7\u0131nda P\u0131nar Kar\u015f\u0131yaka\u2019y\u0131 konuk etti. Tak\u0131m\u0131m\u0131z, \u00dclker Spor ve Etkinlik Salonu\u2019nda oynanan m\u00fccadeleden 71-80 ma\u011flup ayr\u0131ld\u0131 ve seride durum 1-1\u2019e geldi. P\u0131nar Kar\u015f\u0131yaka ile oynad\u0131\u011f\u0131m\u0131z serinin ilk ma\u00e7\u0131nda sakatlanan Dyshawn Pierre\u2019in tedavisine ba\u015fland\u0131. Bu ma\u00e7ta forma giyemeyen oyuncumuzun durumu ilerleyen g\u00fcnlerde netlik [&hellip;]<\/p>\n","protected":false},"author":1,"featured_media":13452,"comment_status":"closed","ping_status":"closed","sticky":false,"template":"","format":"standard","meta":{"jnews-multi-image_gallery":[],"jnews_single_post":{"subtitle":"Fenerbah\u00e7e Erkek Basketbol Tak\u0131m\u0131m\u0131z, Basketbol S\u00fcper Ligi play-off yar\u0131 final ikinci ma\u00e7\u0131nda P\u0131nar Kar\u015f\u0131yaka\u2019y\u0131 konuk etti\u011fi m\u00fccadeleden 71-80 ma\u011flup ayr\u0131ld\u0131 ve seride durum 1-1\u2019e geldi.","format":"standard","video":"","gallery":"","source_name":"","source_url":"","via_name":"","via_url":"","override":[{"single_blog_custom":"","sidebar":"","second_sidebar":"","share_position":"","share_float_style":"","post_date_format":"","post_date_format_custom":"","post_reading_time_wpm":"","zoom_button_out_step":"1","zoom_button_in_step":"1","number_popup_post":"1"}],"image_override":[{"single_post_thumbnail_size":"","single_post_gallery_size":""}],"trending_post_position":"","trending_post_label":"","sponsored_post_label":"","sponsored_post_name":"","sponsored_post_url":"","sponsored_post_logo":"","sponsored_post_desc":""},"jnews_primary_category":{"id":"5"},"jnews_social_meta":{"fb_title":"","fb_description":"","fb_image":"","twitter_title":"","twitter_description":"","twitter_image":""},"jnews_override_counter":{"view_counter_number":"0","share_counter_number":"0","like_counter_number":"0","dislike_counter_number":"0"},"footnotes":""},"categories":[5,6,2],"tags":[24,23],"class_list":["post-13451","post","type-post","status-publish","format-standard","has-post-thumbnail","hentry","category-basketbol","category-erkek-basketbol","category-haberler","tag-basketbol","tag-fenerbahce"],"amp_enabled":true,"_links":{"self":[{"href":"https:\/\/www.fener.org\/index.php\/wp-json\/wp\/v2\/posts\/13451","targetHints":{"allow":["GET"]}}],"collection":[{"href":"https:\/\/www.fener.org\/index.php\/wp-json\/wp\/v2\/posts"}],"about":[{"href":"https:\/\/www.fener.org\/index.php\/wp-json\/wp\/v2\/types\/post"}],"author":[{"embeddable":true,"href":"https:\/\/www.fener.org\/index.php\/wp-json\/wp\/v2\/users\/1"}],"replies":[{"embeddable":true,"href":"https:\/\/www.fener.org\/index.php\/wp-json\/wp\/v2\/comments?post=13451"}],"version-history":[{"count":1,"href":"https:\/\/www.fener.org\/index.php\/wp-json\/wp\/v2\/posts\/13451\/revisions"}],"predecessor-version":[{"id":13453,"href":"https:\/\/www.fener.org\/index.php\/wp-json\/wp\/v2\/posts\/13451\/revisions\/13453"}],"wp:featuredmedia":[{"embeddable":true,"href":"https:\/\/www.fener.org\/index.php\/wp-json\/wp\/v2\/media\/13452"}],"wp:attachment":[{"href":"https:\/\/www.fener.org\/index.php\/wp-json\/wp\/v2\/media?parent=13451"}],"wp:term":[{"taxonomy":"category","embeddable":true,"href":"https:\/\/www.fener.org\/index.php\/wp-json\/wp\/v2\/categories?post=13451"},{"taxonomy":"post_tag","embeddable":true,"href":"https:\/\/www.fener.org\/index.php\/wp-json\/wp\/v2\/tags?post=13451"}],"curies":[{"name":"wp","href":"https:\/\/api.w.org\/{rel}","templated":true}]}}