{"id":13435,"date":"2021-05-20T19:42:34","date_gmt":"2021-05-20T16:42:34","guid":{"rendered":"https:\/\/www.fener.org\/?p=13435"},"modified":"2021-05-20T19:42:39","modified_gmt":"2021-05-20T16:42:39","slug":"baskanimiz-ali-koc-yeniden-aday","status":"publish","type":"post","link":"https:\/\/www.fener.org\/index.php\/2021\/05\/20\/baskanimiz-ali-koc-yeniden-aday\/","title":{"rendered":"Ba\u015fkan\u0131m\u0131z Ali Ko\u00e7 yeniden aday"},"content":{"rendered":"\n<p>Ali Ko\u00e7 ba\u015fkan adayl\u0131\u011f\u0131n\u0131, &#8220;Bu \u00fc\u00e7 sene \u00e7abuk ge\u00e7ti. Aday olurken de s\u00f6yledim; 2 d\u00f6nem laz\u0131m dedim. \u0130lk d\u00f6nemimiz iyi ge\u00e7medi. \u0130kinci d\u00f6nem i\u00e7in de ba\u015fkan aday\u0131 oldu\u011fumu a\u00e7\u0131klamak istiyorum. Bilen bilir, ben Fenerbah\u00e7e&#8217;ye almaya de\u011fil vermeye geldim. Bu do\u011frultuda elimizden gelenin en iyisini yapt\u0131\u011f\u0131m\u0131z konusunda vicdan\u0131m\u0131z rahat. Burada sonsuza kadar kalmayaca\u011f\u0131m. A\u015f\u0131r\u0131 uzun s\u00fcre kal\u0131nd\u0131\u011f\u0131nda neler ya\u015fand\u0131\u011f\u0131n\u0131 ac\u0131 bir \u015fekilde tecr\u00fcbe ettik&#8221; s\u00f6zleriyle duyurdu.<\/p>\n\n\n\n<p>\u0130lk d\u00f6nemde baz\u0131 konularda zorland\u0131klar\u0131n\u0131 s\u00f6yleyen Ko\u00e7, &#8220;Zaman zaman baz\u0131 planlar\u0131m\u0131z\u0131 hayata ge\u00e7iremedik. Zaman zaman \u015fartlar konusunda hareket ettik. Ben ve benimle devam edecek arkada\u015flar\u0131m se\u00e7ildi\u011fimiz takdirde, bu s\u00fcre\u00e7te gerekli dersleri ald\u0131k. Bunu g\u00f6receksiniz. \u0130kinci d\u00f6nemimiz \u00e7ok daha farkl\u0131 olacakt\u0131r&#8221; diye konu\u015ftu.<\/p>\n\n\n\n<p>Rakiplere \u00e7a\u011fr\u0131da bulunan Fenerbah\u00e7e Ba\u015fkan\u0131 Ali Ko\u00e7 \u015f\u00f6yle konu\u015ftu, &#8220;Zaman zaman yap\u0131c\u0131 zaman zaman da haks\u0131z ele\u015ftiriler ald\u0131k. Fenerbah\u00e7e TV&#8217;de kendi kanal\u0131m\u0131zda yorumcular\u0131m\u0131z bizi ele\u015ftirildi. \u0130yi niyet ve samimiyetle yap\u0131lan yap\u0131c\u0131, Fenerbah\u00e7e&#8217;nin iyili\u011fini isteyenlerin her t\u00fcrl\u00fc ele\u015ftirilerine sayg\u0131 duyuyor, baz\u0131lar\u0131ndan istifade ettik. Bizleri y\u0131ld\u0131rmak amac\u0131yla, gizli ajandas\u0131 olanlar bizde di\u011fer camialardan daha yo\u011fundur. Bu tarzdaki ki\u015filerin en temel \u00f6zelli\u011fi, i\u015fler iyi giderken ortada g\u00f6r\u00fcnmezler. Sesleri sedalar\u0131 soluklar\u0131 \u00e7\u0131kmaz. Ancak ilk t\u00f6kezlemede olumsuz gidi\u015fatta bayraktarl\u0131k yaparlar. Hatta baz\u0131lar\u0131, baz\u0131lar\u0131n\u0131n ta\u015feronlu\u011funu yaparlar. Bunlar\u0131n amac\u0131 ne Fenerbah\u00e7e sevgisi ne de \u00e7ubuklunun ba\u015far\u0131s\u0131n\u0131z. Aday oldu\u011fumda dua ediyordum ke\u015fke Fenerbah\u00e7e \u015fampiyon olsa da ben de adayl\u0131\u011f\u0131m\u0131 geri \u00e7eksem. Fenerbah\u00e7eli isenizi ne \u015fartta olursan\u0131z olsun, bu kul\u00fcb\u00fcn ba\u015far\u0131s\u0131n\u0131 hep istersiniz.<\/p>\n\n\n\n<p>Bu arkada\u015flara veya ta\u015feronluk yapanlara a\u00e7\u0131k \u00e7a\u011fr\u0131da bulunuyorum. B\u0131rak\u0131n sosyal medyay\u0131, manipulasyon yapmay\u0131. E\u011fer ger\u00e7ekten Fenerbah\u00e7e&#8217;ye katk\u0131da bulunmak istiyorsan\u0131z bunun yolu sand\u0131ktan ge\u00e7er. Ge\u00e7en bir eski y\u00f6neticimiz konu\u015fmu\u015f. G\u00fcndemde kalmak i\u00e7in de konu\u015fmas\u0131 gereken bir y\u00f6netici. Yok efendim Bel\u00e7ika&#8217;dan bir adam getirdik. Onlar\u0131n getirdi\u011fi adam \u0130spanyol. Fenerbah\u00e7e&#8217;den sonra i\u015f bulamad\u0131. Bu insanlar \u00e7ok rahat yalan s\u00f6yl\u00fcyorlar. Eski y\u00f6netim kul\u00fcbe geldi\u011fimizde devir teslim yapma nezaketini bile g\u00f6stermediler. Hi\u00e7bir konuda \u015fu \u015f\u00f6yledir, bu b\u00f6yledir diye bir \u015fey demediler. Sadece Mithat Yedig\u00fcn geldi. El s\u0131k\u0131\u015ft\u0131. Alt yap\u0131ya gittik. Oray\u0131 y\u00f6netenler hi\u00e7bir \u015fey s\u00f6ylemediler. Se\u00e7im s\u00fcrecinde ortaya \u00e7\u0131kt\u0131. Bu gibiler \u00e7ok olacak. Bu ki\u015filerin nas\u0131l manip\u00fcle etti\u011fini de g\u00f6sterece\u011fiz. \u0130\u015fte f\u0131rsat, gelin sand\u0131k burada. Fenerbah\u00e7e&#8217;ye yeni bir katk\u0131da bulunmak istiyorsan\u0131z aday olun. Finansman\u0131, futbolu, basketbolu di\u011fer bran\u015flar\u0131 nas\u0131l y\u00f6netece\u011finizi anlat\u0131n. \u00c7\u0131k\u0131n, g\u00fczel bir rekabet olsun. Perde arkas\u0131ndan konu\u015fmay\u0131n. Gelin \u00e7\u0131k\u0131n, a\u00e7\u0131k a\u00e7\u0131k konu\u015fun. Benim de anlatacaklar\u0131m olacak. Genel Kurul&#8217;un Fenerbah\u00e7e&#8217;ye hay\u0131rl\u0131 u\u011furlu olmas\u0131n\u0131 temenni ediyorum.&#8221;<\/p>\n\n\n\n<p>Fenerbah\u00e7e&#8217;de se\u00e7imli genel kurul toplant\u0131s\u0131 12-13 Haziran&#8217;da yap\u0131lacak.<\/p>\n","protected":false},"excerpt":{"rendered":"<p>Ali Ko\u00e7 ba\u015fkan adayl\u0131\u011f\u0131n\u0131, &#8220;Bu \u00fc\u00e7 sene \u00e7abuk ge\u00e7ti. Aday olurken de s\u00f6yledim; 2 d\u00f6nem laz\u0131m dedim. \u0130lk d\u00f6nemimiz iyi ge\u00e7medi. \u0130kinci d\u00f6nem i\u00e7in de ba\u015fkan aday\u0131 oldu\u011fumu a\u00e7\u0131klamak istiyorum. Bilen bilir, ben Fenerbah\u00e7e&#8217;ye almaya de\u011fil vermeye geldim. Bu do\u011frultuda elimizden gelenin en iyisini yapt\u0131\u011f\u0131m\u0131z konusunda vicdan\u0131m\u0131z rahat. Burada sonsuza kadar kalmayaca\u011f\u0131m. A\u015f\u0131r\u0131 uzun s\u00fcre [&hellip;]<\/p>\n","protected":false},"author":1,"featured_media":13436,"comment_status":"closed","ping_status":"closed","sticky":false,"template":"","format":"standard","meta":{"jnews-multi-image_gallery":[],"jnews_single_post":{"subtitle":"Fenerbah\u00e7e'de Ba\u015fkan Ali Ko\u00e7, 12-13 Haziran\u2019da yap\u0131lacak ba\u015fkanl\u0131k se\u00e7imlerinde adayl\u0131\u011f\u0131n\u0131 a\u00e7\u0131klad\u0131.","format":"standard","video":"","gallery":"","source_name":"","source_url":"","via_name":"","via_url":"","override":[{"single_blog_custom":"","sidebar":"","second_sidebar":"","share_position":"","share_float_style":"","post_date_format":"","post_date_format_custom":"","post_reading_time_wpm":"","zoom_button_out_step":"1","zoom_button_in_step":"1","number_popup_post":"1"}],"image_override":[{"single_post_thumbnail_size":"","single_post_gallery_size":""}],"trending_post_position":"","trending_post_label":"","sponsored_post_label":"","sponsored_post_name":"","sponsored_post_url":"","sponsored_post_logo":"","sponsored_post_desc":""},"jnews_primary_category":{"id":"3"},"jnews_social_meta":{"fb_title":"","fb_description":"","fb_image":"","twitter_title":"","twitter_description":"","twitter_image":""},"jnews_override_counter":{"view_counter_number":"0","share_counter_number":"0","like_counter_number":"0","dislike_counter_number":"0"},"footnotes":""},"categories":[2,3],"tags":[23],"class_list":["post-13435","post","type-post","status-publish","format-standard","has-post-thumbnail","hentry","category-haberler","category-kulup","tag-fenerbahce"],"amp_enabled":true,"_links":{"self":[{"href":"https:\/\/www.fener.org\/index.php\/wp-json\/wp\/v2\/posts\/13435","targetHints":{"allow":["GET"]}}],"collection":[{"href":"https:\/\/www.fener.org\/index.php\/wp-json\/wp\/v2\/posts"}],"about":[{"href":"https:\/\/www.fener.org\/index.php\/wp-json\/wp\/v2\/types\/post"}],"author":[{"embeddable":true,"href":"https:\/\/www.fener.org\/index.php\/wp-json\/wp\/v2\/users\/1"}],"replies":[{"embeddable":true,"href":"https:\/\/www.fener.org\/index.php\/wp-json\/wp\/v2\/comments?post=13435"}],"version-history":[{"count":1,"href":"https:\/\/www.fener.org\/index.php\/wp-json\/wp\/v2\/posts\/13435\/revisions"}],"predecessor-version":[{"id":13437,"href":"https:\/\/www.fener.org\/index.php\/wp-json\/wp\/v2\/posts\/13435\/revisions\/13437"}],"wp:featuredmedia":[{"embeddable":true,"href":"https:\/\/www.fener.org\/index.php\/wp-json\/wp\/v2\/media\/13436"}],"wp:attachment":[{"href":"https:\/\/www.fener.org\/index.php\/wp-json\/wp\/v2\/media?parent=13435"}],"wp:term":[{"taxonomy":"category","embeddable":true,"href":"https:\/\/www.fener.org\/index.php\/wp-json\/wp\/v2\/categories?post=13435"},{"taxonomy":"post_tag","embeddable":true,"href":"https:\/\/www.fener.org\/index.php\/wp-json\/wp\/v2\/tags?post=13435"}],"curies":[{"name":"wp","href":"https:\/\/api.w.org\/{rel}","templated":true}]}}