{"id":13409,"date":"2021-05-14T23:35:36","date_gmt":"2021-05-14T20:35:36","guid":{"rendered":"https:\/\/www.fener.org\/?p=13409"},"modified":"2021-05-14T23:35:58","modified_gmt":"2021-05-14T20:35:58","slug":"fenerbahce-kayseri-deplasmaninda-2","status":"publish","type":"post","link":"https:\/\/www.fener.org\/index.php\/2021\/05\/14\/fenerbahce-kayseri-deplasmaninda-2\/","title":{"rendered":"Fenerbah\u00e7e Kayseri deplasman\u0131nda"},"content":{"rendered":"\n<p>Fenerbah\u00e7e, S\u00fcper Lig&#8217;in 42. ve son haftas\u0131nda yar\u0131n ak\u015fam Hes Kablo Kayserispor&#8217;a konuk olacak. B\u00fcy\u00fck\u015fehir Belediyesi Kadir Has Stad\u0131&#8217;nda oynanacak m\u00fccadele, saat 20.30&#8217;da ba\u015flayacak. Kar\u015f\u0131la\u015fmay\u0131 hakem Halil Umut Meler y\u00f6netecek.<\/p>\n\n\n\n<p>Fenerbah\u00e7e ile Hes Kablo Kayserispor, ligde yar\u0131n 50. kez kar\u015f\u0131la\u015facak. \u0130ki tak\u0131m aras\u0131nda geride kalan 49 ma\u00e7ta Fenerbah\u00e7e 30, Kayserispor 9 galibiyet ald\u0131, 10 ma\u00e7 da berabere sonu\u00e7land\u0131. Sar\u0131-lacivertlilerin 108 gol\u00fcne, sar\u0131-k\u0131rm\u0131z\u0131l\u0131lar 50 golle kar\u015f\u0131l\u0131k verdi.<\/p>\n\n\n\n<p>Fenerbah\u00e7e&#8217;de 5 futbolcu, \u00e7e\u015fitli nedenlerle Hes Kablo Kayserispor&#8217;a kar\u015f\u0131 forma giyemeyecek.<\/p>\n\n\n\n<p>Sar\u0131-lacivertli ekipte sakatl\u0131klar\u0131 bulunan Mesut \u00d6zil, \u0130rfan Can Kahveci, Sad\u0131k \u00c7iftp\u0131nar, Diego Perotti ve cezal\u0131 G\u00f6khan G\u00f6n\u00fcl ma\u00e7 kadrosunda yer alm\u0131yor.<\/p>\n\n\n\n<p>Sakatl\u0131klar\u0131n\u0131 atlatan Altay Bay\u0131nd\u0131r ve Naz\u0131m Sangare durumlar\u0131na ise ma\u00e7 saatinde Emre Bel\u00f6zo\u011flu karar verecek.<\/p>\n","protected":false},"excerpt":{"rendered":"<p>Fenerbah\u00e7e, S\u00fcper Lig&#8217;in 42. ve son haftas\u0131nda yar\u0131n ak\u015fam Hes Kablo Kayserispor&#8217;a konuk olacak. B\u00fcy\u00fck\u015fehir Belediyesi Kadir Has Stad\u0131&#8217;nda oynanacak m\u00fccadele, saat 20.30&#8217;da ba\u015flayacak. Kar\u015f\u0131la\u015fmay\u0131 hakem Halil Umut Meler y\u00f6netecek. Fenerbah\u00e7e ile Hes Kablo Kayserispor, ligde yar\u0131n 50. kez kar\u015f\u0131la\u015facak. \u0130ki tak\u0131m aras\u0131nda geride kalan 49 ma\u00e7ta Fenerbah\u00e7e 30, Kayserispor 9 galibiyet ald\u0131, 10 ma\u00e7 [&hellip;]<\/p>\n","protected":false},"author":1,"featured_media":13338,"comment_status":"closed","ping_status":"closed","sticky":false,"template":"","format":"standard","meta":{"jnews-multi-image_gallery":[],"jnews_single_post":{"subtitle":"Fenerbah\u00e7e, S\u00fcper Lig'in 42. ve son haftas\u0131nda deplasmanda Hes Kablo Kayserispor ile m\u00fccadele edecek.","format":"standard","video":"","gallery":"","source_name":"","source_url":"","via_name":"","via_url":"","override":[{"single_blog_custom":"","sidebar":"","second_sidebar":"","share_position":"","share_float_style":"","post_date_format":"","post_date_format_custom":"","post_reading_time_wpm":"","zoom_button_out_step":"1","zoom_button_in_step":"1","number_popup_post":"1"}],"image_override":[{"single_post_thumbnail_size":"","single_post_gallery_size":""}],"trending_post_position":"","trending_post_label":"","sponsored_post_label":"","sponsored_post_name":"","sponsored_post_url":"","sponsored_post_logo":"","sponsored_post_desc":""},"jnews_primary_category":{"id":"4"},"jnews_social_meta":{"fb_title":"","fb_description":"","fb_image":"","twitter_title":"","twitter_description":"","twitter_image":""},"jnews_override_counter":{"view_counter_number":"0","share_counter_number":"0","like_counter_number":"0","dislike_counter_number":"0"},"footnotes":""},"categories":[4,2,47],"tags":[23,54],"class_list":["post-13409","post","type-post","status-publish","format-standard","has-post-thumbnail","hentry","category-futbol","category-haberler","category-profesyonel-a-futbol-takimi","tag-fenerbahce","tag-futbol"],"amp_enabled":true,"_links":{"self":[{"href":"https:\/\/www.fener.org\/index.php\/wp-json\/wp\/v2\/posts\/13409","targetHints":{"allow":["GET"]}}],"collection":[{"href":"https:\/\/www.fener.org\/index.php\/wp-json\/wp\/v2\/posts"}],"about":[{"href":"https:\/\/www.fener.org\/index.php\/wp-json\/wp\/v2\/types\/post"}],"author":[{"embeddable":true,"href":"https:\/\/www.fener.org\/index.php\/wp-json\/wp\/v2\/users\/1"}],"replies":[{"embeddable":true,"href":"https:\/\/www.fener.org\/index.php\/wp-json\/wp\/v2\/comments?post=13409"}],"version-history":[{"count":2,"href":"https:\/\/www.fener.org\/index.php\/wp-json\/wp\/v2\/posts\/13409\/revisions"}],"predecessor-version":[{"id":13411,"href":"https:\/\/www.fener.org\/index.php\/wp-json\/wp\/v2\/posts\/13409\/revisions\/13411"}],"wp:featuredmedia":[{"embeddable":true,"href":"https:\/\/www.fener.org\/index.php\/wp-json\/wp\/v2\/media\/13338"}],"wp:attachment":[{"href":"https:\/\/www.fener.org\/index.php\/wp-json\/wp\/v2\/media?parent=13409"}],"wp:term":[{"taxonomy":"category","embeddable":true,"href":"https:\/\/www.fener.org\/index.php\/wp-json\/wp\/v2\/categories?post=13409"},{"taxonomy":"post_tag","embeddable":true,"href":"https:\/\/www.fener.org\/index.php\/wp-json\/wp\/v2\/tags?post=13409"}],"curies":[{"name":"wp","href":"https:\/\/api.w.org\/{rel}","templated":true}]}}