{"id":13390,"date":"2021-05-12T22:24:48","date_gmt":"2021-05-12T19:24:48","guid":{"rendered":"https:\/\/www.fener.org\/?p=13390"},"modified":"2021-05-12T22:24:54","modified_gmt":"2021-05-12T19:24:54","slug":"fenerbahce-beko-playoff-ceyrek-final-ilk-macinda-darussafaka-tekfeni-konuk-ediyor","status":"publish","type":"post","link":"https:\/\/www.fener.org\/index.php\/2021\/05\/12\/fenerbahce-beko-playoff-ceyrek-final-ilk-macinda-darussafaka-tekfeni-konuk-ediyor\/","title":{"rendered":"Fenerbah\u00e7e Beko, playoff \u00e7eyrek final ilk ma\u00e7\u0131nda Dar\u00fc\u015f\u015fafaka Tekfen&#8217;i konuk ediyor"},"content":{"rendered":"\n<p>Fenerbah\u00e7e Beko Erkek Basketbol Tak\u0131m\u0131m\u0131z, ING Basketbol S\u00fcper Ligi playoff \u00e7eyrek final ilk ma\u00e7\u0131nda Dar\u00fc\u015f\u015fafaka Tekfen\u2019i konuk ediyor. Yar\u0131n (13 May\u0131s Per\u015fembe g\u00fcn\u00fc) saat 20.15\u2019te \u00dclker Spor ve Etkinlik Salonu\u2019nda oynanacak m\u00fccadele Tivibu Spor 2 taraf\u0131ndan canl\u0131 yay\u0131nlanacak.<\/p>\n\n\n\n<p>\u00c7eyrek final serisinde iki galibiyet alan tak\u0131m yar\u0131 finale y\u00fckselecek. Bu seride ikinci kar\u015f\u0131la\u015fma 15 May\u0131s Cumartesi g\u00fcn\u00fc 18.15&#8217;te Dar\u00fc\u015f\u015fafaka Ayhan \u015eahenk Spor Salonu&#8217;nda oynanacak.<\/p>\n\n\n\n<p>Fenerbah\u00e7e Beko, ING Basketbol S\u00fcper Ligi normal sezonunu 22 galibiyet ve 8 yenilgiyle ikinci s\u0131rada bitirdi. Tak\u0131m\u0131m\u0131z, son resmi ma\u00e7\u0131na 7 May\u0131s Cuma g\u00fcn\u00fc \u00dclker Spor ve Etkinlik Salonu\u2019nda \u00e7\u0131kt\u0131 ve konuk etti\u011fi Anadolu Efes\u2019e 84-88 yenildi.<\/p>\n\n\n\n<p>Tak\u0131m\u0131m\u0131zda Ahmet D\u00fcverio\u011flu ailevi nedenlerden dolay\u0131 bu kar\u015f\u0131la\u015fmada forma giyemeyecek.<\/p>\n\n\n\n<p>Sel\u00e7uk Ernak taraf\u0131ndan \u00e7al\u0131\u015ft\u0131r\u0131lan Dar\u00fc\u015f\u015fafaka Tekfen, ING Basketbol S\u00fcper Ligi\u2019nde normal sezonu 16 galibiyet ve 14 yenilgiyle yedinci s\u0131rada noktalad\u0131. Da\u00e7ka, son resmi ma\u00e7\u0131na 9 May\u0131s Pazar g\u00fcn\u00fc \u00e7\u0131kt\u0131. Sinan Erdem Spor Salonu\u2019nda Anadolu Efes\u2019e konuk olan rakibimiz, bu m\u00fccadeleyi 84-74 kaybetti.<\/p>\n\n\n\n<p>Ligin ilk yar\u0131s\u0131nda \u00dclker Spor ve Etkinlik Salonu\u2019nda oynanan m\u00fccadeleyi Fenerbah\u00e7e Beko 90-79 galip tamamlad\u0131.<\/p>\n\n\n\n<p>Sar\u0131-lacivertliler, ligin ikinci yar\u0131s\u0131nda Ayhan \u015eahenk Spor Salonu\u2019nda oynanan m\u00fccadeleyi 64-66 kazand\u0131.<\/p>\n","protected":false},"excerpt":{"rendered":"<p>Fenerbah\u00e7e Beko Erkek Basketbol Tak\u0131m\u0131m\u0131z, ING Basketbol S\u00fcper Ligi playoff \u00e7eyrek final ilk ma\u00e7\u0131nda Dar\u00fc\u015f\u015fafaka Tekfen\u2019i konuk ediyor. Yar\u0131n (13 May\u0131s Per\u015fembe g\u00fcn\u00fc) saat 20.15\u2019te \u00dclker Spor ve Etkinlik Salonu\u2019nda oynanacak m\u00fccadele Tivibu Spor 2 taraf\u0131ndan canl\u0131 yay\u0131nlanacak. \u00c7eyrek final serisinde iki galibiyet alan tak\u0131m yar\u0131 finale y\u00fckselecek. Bu seride ikinci kar\u015f\u0131la\u015fma 15 May\u0131s Cumartesi [&hellip;]<\/p>\n","protected":false},"author":1,"featured_media":12835,"comment_status":"closed","ping_status":"closed","sticky":false,"template":"","format":"standard","meta":{"jnews-multi-image_gallery":[],"jnews_single_post":{"subtitle":"Fenerbah\u00e7e Erkek Basketbol Tak\u0131m\u0131m\u0131z, Basketbol S\u00fcper Ligi playoff \u00e7eyrek final ilk ma\u00e7\u0131nda Dar\u00fc\u015f\u015fafaka Tekfen\u2019i konuk ediyor.","format":"standard","video":"","gallery":"","source_name":"","source_url":"","via_name":"","via_url":"","override":[{"single_blog_custom":"","sidebar":"","second_sidebar":"","share_position":"","share_float_style":"","post_date_format":"","post_date_format_custom":"","post_reading_time_wpm":"","zoom_button_out_step":"1","zoom_button_in_step":"1","number_popup_post":"1"}],"image_override":[{"single_post_thumbnail_size":"","single_post_gallery_size":""}],"trending_post_position":"","trending_post_label":"","sponsored_post_label":"","sponsored_post_name":"","sponsored_post_url":"","sponsored_post_logo":"","sponsored_post_desc":""},"jnews_primary_category":{"id":"5"},"jnews_social_meta":{"fb_title":"","fb_description":"","fb_image":"","twitter_title":"","twitter_description":"","twitter_image":""},"jnews_override_counter":{"view_counter_number":"0","share_counter_number":"0","like_counter_number":"0","dislike_counter_number":"0"},"footnotes":""},"categories":[5,6,2],"tags":[24,23],"class_list":["post-13390","post","type-post","status-publish","format-standard","has-post-thumbnail","hentry","category-basketbol","category-erkek-basketbol","category-haberler","tag-basketbol","tag-fenerbahce"],"amp_enabled":true,"_links":{"self":[{"href":"https:\/\/www.fener.org\/index.php\/wp-json\/wp\/v2\/posts\/13390","targetHints":{"allow":["GET"]}}],"collection":[{"href":"https:\/\/www.fener.org\/index.php\/wp-json\/wp\/v2\/posts"}],"about":[{"href":"https:\/\/www.fener.org\/index.php\/wp-json\/wp\/v2\/types\/post"}],"author":[{"embeddable":true,"href":"https:\/\/www.fener.org\/index.php\/wp-json\/wp\/v2\/users\/1"}],"replies":[{"embeddable":true,"href":"https:\/\/www.fener.org\/index.php\/wp-json\/wp\/v2\/comments?post=13390"}],"version-history":[{"count":1,"href":"https:\/\/www.fener.org\/index.php\/wp-json\/wp\/v2\/posts\/13390\/revisions"}],"predecessor-version":[{"id":13391,"href":"https:\/\/www.fener.org\/index.php\/wp-json\/wp\/v2\/posts\/13390\/revisions\/13391"}],"wp:featuredmedia":[{"embeddable":true,"href":"https:\/\/www.fener.org\/index.php\/wp-json\/wp\/v2\/media\/12835"}],"wp:attachment":[{"href":"https:\/\/www.fener.org\/index.php\/wp-json\/wp\/v2\/media?parent=13390"}],"wp:term":[{"taxonomy":"category","embeddable":true,"href":"https:\/\/www.fener.org\/index.php\/wp-json\/wp\/v2\/categories?post=13390"},{"taxonomy":"post_tag","embeddable":true,"href":"https:\/\/www.fener.org\/index.php\/wp-json\/wp\/v2\/tags?post=13390"}],"curies":[{"name":"wp","href":"https:\/\/api.w.org\/{rel}","templated":true}]}}