{"id":13323,"date":"2021-05-07T12:08:37","date_gmt":"2021-05-07T09:08:37","guid":{"rendered":"https:\/\/www.fener.org\/?p=13323"},"modified":"2021-05-07T12:08:45","modified_gmt":"2021-05-07T09:08:45","slug":"tffden-fenerbahceye-ret","status":"publish","type":"post","link":"https:\/\/www.fener.org\/index.php\/2021\/05\/07\/tffden-fenerbahceye-ret\/","title":{"rendered":"TFF&#8217;den Fenerbah\u00e7e&#8217;ye ret"},"content":{"rendered":"\n<p>T\u00fcrkiye Futbol Federasyonu Y\u00f6netim Kurulu, bug\u00fcn yapt\u0131\u011f\u0131 toplant\u0131da kul\u00fcb\u00fcm\u00fcz\u00fcn 29.04.2021 tarihinde oynanan Aytemiz Alanyaspor-Fenerbah\u00e7e m\u00fcsabakas\u0131na ili\u015fkin kural hatas\u0131 itiraz\u0131n\u0131 reddetti.<\/p>\n\n\n\n<p>TFF&#8217;den yap\u0131lan a\u00e7\u0131klama \u015f\u00f6yle denildi:<\/p>\n\n\n\n<blockquote class=\"wp-block-quote is-layout-flow wp-block-quote-is-layout-flow\"><p>&#8220;T\u00fcrkiye Futbol Federasyonu Y\u00f6netim Kurulu bug\u00fcn Riva\u2019da yapt\u0131\u011f\u0131 toplant\u0131da Fenerbah\u00e7e A.\u015e. Kul\u00fcb\u00fc\u2019n\u00fcn 29.04.2021 tarihinde oynanan Aytemiz Alanyaspor-Fenerbah\u00e7e A.\u015e. m\u00fcsabakas\u0131na ili\u015fkin kural hatas\u0131 itiraz\u0131n\u0131 de\u011ferlendirmi\u015ftir.<\/p><p>Yap\u0131lan inceleme sonucunda s\u00f6z konusu m\u00fcsabakada kural hatas\u0131 olmad\u0131\u011f\u0131na karar verilmi\u015ftir.&#8221;<\/p><\/blockquote>\n","protected":false},"excerpt":{"rendered":"<p>T\u00fcrkiye Futbol Federasyonu Y\u00f6netim Kurulu, bug\u00fcn yapt\u0131\u011f\u0131 toplant\u0131da kul\u00fcb\u00fcm\u00fcz\u00fcn 29.04.2021 tarihinde oynanan Aytemiz Alanyaspor-Fenerbah\u00e7e m\u00fcsabakas\u0131na ili\u015fkin kural hatas\u0131 itiraz\u0131n\u0131 reddetti. TFF&#8217;den yap\u0131lan a\u00e7\u0131klama \u015f\u00f6yle denildi: &#8220;T\u00fcrkiye Futbol Federasyonu Y\u00f6netim Kurulu bug\u00fcn Riva\u2019da yapt\u0131\u011f\u0131 toplant\u0131da Fenerbah\u00e7e A.\u015e. Kul\u00fcb\u00fc\u2019n\u00fcn 29.04.2021 tarihinde oynanan Aytemiz Alanyaspor-Fenerbah\u00e7e A.\u015e. m\u00fcsabakas\u0131na ili\u015fkin kural hatas\u0131 itiraz\u0131n\u0131 de\u011ferlendirmi\u015ftir. Yap\u0131lan inceleme sonucunda s\u00f6z konusu m\u00fcsabakada [&hellip;]<\/p>\n","protected":false},"author":1,"featured_media":2032,"comment_status":"closed","ping_status":"closed","sticky":false,"template":"","format":"standard","meta":{"jnews-multi-image_gallery":[],"jnews_single_post":{"subtitle":"TFF, Fenerbah\u00e7e'nin Alanyaspor ma\u00e7\u0131 i\u00e7in yapt\u0131\u011f\u0131 kural hatas\u0131 ba\u015fvurusunu reddetti.","format":"standard","video":"","gallery":"","source_name":"","source_url":"","via_name":"","via_url":"","override":[{"single_blog_custom":"","sidebar":"","second_sidebar":"","share_position":"","share_float_style":"","post_date_format":"","post_date_format_custom":"","post_reading_time_wpm":"","zoom_button_out_step":"1","zoom_button_in_step":"1","number_popup_post":"1"}],"image_override":[{"single_post_thumbnail_size":"","single_post_gallery_size":""}],"trending_post_position":"","trending_post_label":"","sponsored_post_label":"","sponsored_post_name":"","sponsored_post_url":"","sponsored_post_logo":"","sponsored_post_desc":""},"jnews_primary_category":{"id":"4"},"jnews_social_meta":{"fb_title":"","fb_description":"","fb_image":"","twitter_title":"","twitter_description":"","twitter_image":""},"jnews_override_counter":{"view_counter_number":"0","share_counter_number":"0","like_counter_number":"0","dislike_counter_number":"0"},"footnotes":""},"categories":[4,2,47],"tags":[23,54],"class_list":["post-13323","post","type-post","status-publish","format-standard","has-post-thumbnail","hentry","category-futbol","category-haberler","category-profesyonel-a-futbol-takimi","tag-fenerbahce","tag-futbol"],"amp_enabled":true,"_links":{"self":[{"href":"https:\/\/www.fener.org\/index.php\/wp-json\/wp\/v2\/posts\/13323","targetHints":{"allow":["GET"]}}],"collection":[{"href":"https:\/\/www.fener.org\/index.php\/wp-json\/wp\/v2\/posts"}],"about":[{"href":"https:\/\/www.fener.org\/index.php\/wp-json\/wp\/v2\/types\/post"}],"author":[{"embeddable":true,"href":"https:\/\/www.fener.org\/index.php\/wp-json\/wp\/v2\/users\/1"}],"replies":[{"embeddable":true,"href":"https:\/\/www.fener.org\/index.php\/wp-json\/wp\/v2\/comments?post=13323"}],"version-history":[{"count":1,"href":"https:\/\/www.fener.org\/index.php\/wp-json\/wp\/v2\/posts\/13323\/revisions"}],"predecessor-version":[{"id":13324,"href":"https:\/\/www.fener.org\/index.php\/wp-json\/wp\/v2\/posts\/13323\/revisions\/13324"}],"wp:featuredmedia":[{"embeddable":true,"href":"https:\/\/www.fener.org\/index.php\/wp-json\/wp\/v2\/media\/2032"}],"wp:attachment":[{"href":"https:\/\/www.fener.org\/index.php\/wp-json\/wp\/v2\/media?parent=13323"}],"wp:term":[{"taxonomy":"category","embeddable":true,"href":"https:\/\/www.fener.org\/index.php\/wp-json\/wp\/v2\/categories?post=13323"},{"taxonomy":"post_tag","embeddable":true,"href":"https:\/\/www.fener.org\/index.php\/wp-json\/wp\/v2\/tags?post=13323"}],"curies":[{"name":"wp","href":"https:\/\/api.w.org\/{rel}","templated":true}]}}