{"id":13257,"date":"2021-05-03T08:18:29","date_gmt":"2021-05-03T05:18:29","guid":{"rendered":"https:\/\/www.fener.org\/?p=13257"},"modified":"2021-05-03T22:13:59","modified_gmt":"2021-05-03T19:13:59","slug":"fenerbahce-erzurumsporu-konuk-ediyor","status":"publish","type":"post","link":"https:\/\/www.fener.org\/index.php\/2021\/05\/03\/fenerbahce-erzurumsporu-konuk-ediyor\/","title":{"rendered":"Fenerbah\u00e7e, Erzurumspor\u2019u konuk ediyor"},"content":{"rendered":"\n<p>Fenerbah\u00e7emiz, S\u00fcper Lig&#8217;in 39. haftas\u0131nda bu ak\u015fam sahas\u0131nda B\u00fcy\u00fck\u015fehir Belediye Erzurumspor ile kar\u015f\u0131la\u015facak. \u00dclker Stadyumu Fenerbah\u00e7e \u015e\u00fckr\u00fc Saraco\u011flu Spor Kompleksi\u2019nde oynanacak ve saat 20.30&#8217;da ba\u015flayacak kar\u015f\u0131la\u015fmay\u0131 hakem Mete Kalkavan y\u00f6netecek.<\/p>\n\n\n\n<p>Fenerbah\u00e7e&#8217;de 5 futbolcu, \u00e7e\u015fitli nedenlerle B\u00fcy\u00fck\u015fehir Belediye Erzurumspor ile yap\u0131lacak ma\u00e7ta forma giyemeyecek.<\/p>\n\n\n\n<p>Sar\u0131-lacivertli ekipte sakatl\u0131klar\u0131 bulunan Altay Bay\u0131nd\u0131r, Naz\u0131m Sangare, Sad\u0131k \u00c7iftp\u0131nar ve Diego Perotti ile k\u0131rm\u0131z\u0131 kart cezal\u0131s\u0131 G\u00f6khan G\u00f6n\u00fcl, tak\u0131mdaki yerlerini alamayacak.<\/p>\n\n\n\n<p>Sar\u0131-lacivertli tak\u0131m\u0131m\u0131z, 73 puanla ligde 2. s\u0131rada bulunuyor.<\/p>\n\n\n\n<p>Fenerbah\u00e7e, sezonun ilk yar\u0131s\u0131nda Erzurum&#8217;da oynanan kar\u015f\u0131la\u015fmadan 3-0 galip ayr\u0131lm\u0131\u015ft\u0131.<\/p>\n","protected":false},"excerpt":{"rendered":"<p>Fenerbah\u00e7emiz, S\u00fcper Lig&#8217;in 39. haftas\u0131nda bu ak\u015fam sahas\u0131nda B\u00fcy\u00fck\u015fehir Belediye Erzurumspor ile kar\u015f\u0131la\u015facak. \u00dclker Stadyumu Fenerbah\u00e7e \u015e\u00fckr\u00fc Saraco\u011flu Spor Kompleksi\u2019nde oynanacak ve saat 20.30&#8217;da ba\u015flayacak kar\u015f\u0131la\u015fmay\u0131 hakem Mete Kalkavan y\u00f6netecek. Fenerbah\u00e7e&#8217;de 5 futbolcu, \u00e7e\u015fitli nedenlerle B\u00fcy\u00fck\u015fehir Belediye Erzurumspor ile yap\u0131lacak ma\u00e7ta forma giyemeyecek. Sar\u0131-lacivertli ekipte sakatl\u0131klar\u0131 bulunan Altay Bay\u0131nd\u0131r, Naz\u0131m Sangare, Sad\u0131k \u00c7iftp\u0131nar ve Diego [&hellip;]<\/p>\n","protected":false},"author":1,"featured_media":13258,"comment_status":"closed","ping_status":"closed","sticky":false,"template":"","format":"standard","meta":{"jnews-multi-image_gallery":[],"jnews_single_post":{"subtitle":"Fenerbah\u00e7e, S\u00fcper Lig'in 39. haftas\u0131nda sahas\u0131nda B\u00fcy\u00fck\u015fehir Belediye Erzurumspor ile kar\u015f\u0131la\u015f\u0131yor.","format":"standard","video":"","gallery":"","source_name":"","source_url":"","via_name":"","via_url":"","override":[{"single_blog_custom":"","sidebar":"","second_sidebar":"","share_position":"","share_float_style":"","post_date_format":"","post_date_format_custom":"","post_reading_time_wpm":"","zoom_button_out_step":"1","zoom_button_in_step":"1","number_popup_post":"1"}],"image_override":[{"single_post_thumbnail_size":"","single_post_gallery_size":""}],"trending_post_position":"","trending_post_label":"","sponsored_post_label":"","sponsored_post_name":"","sponsored_post_url":"","sponsored_post_logo":"","sponsored_post_desc":""},"jnews_primary_category":{"id":"4"},"jnews_social_meta":{"fb_title":"","fb_description":"","fb_image":"","twitter_title":"","twitter_description":"","twitter_image":""},"jnews_override_counter":{"view_counter_number":"0","share_counter_number":"0","like_counter_number":"0","dislike_counter_number":"0"},"footnotes":""},"categories":[4,2,47],"tags":[23,54],"class_list":["post-13257","post","type-post","status-publish","format-standard","has-post-thumbnail","hentry","category-futbol","category-haberler","category-profesyonel-a-futbol-takimi","tag-fenerbahce","tag-futbol"],"amp_enabled":true,"_links":{"self":[{"href":"https:\/\/www.fener.org\/index.php\/wp-json\/wp\/v2\/posts\/13257","targetHints":{"allow":["GET"]}}],"collection":[{"href":"https:\/\/www.fener.org\/index.php\/wp-json\/wp\/v2\/posts"}],"about":[{"href":"https:\/\/www.fener.org\/index.php\/wp-json\/wp\/v2\/types\/post"}],"author":[{"embeddable":true,"href":"https:\/\/www.fener.org\/index.php\/wp-json\/wp\/v2\/users\/1"}],"replies":[{"embeddable":true,"href":"https:\/\/www.fener.org\/index.php\/wp-json\/wp\/v2\/comments?post=13257"}],"version-history":[{"count":2,"href":"https:\/\/www.fener.org\/index.php\/wp-json\/wp\/v2\/posts\/13257\/revisions"}],"predecessor-version":[{"id":13260,"href":"https:\/\/www.fener.org\/index.php\/wp-json\/wp\/v2\/posts\/13257\/revisions\/13260"}],"wp:featuredmedia":[{"embeddable":true,"href":"https:\/\/www.fener.org\/index.php\/wp-json\/wp\/v2\/media\/13258"}],"wp:attachment":[{"href":"https:\/\/www.fener.org\/index.php\/wp-json\/wp\/v2\/media?parent=13257"}],"wp:term":[{"taxonomy":"category","embeddable":true,"href":"https:\/\/www.fener.org\/index.php\/wp-json\/wp\/v2\/categories?post=13257"},{"taxonomy":"post_tag","embeddable":true,"href":"https:\/\/www.fener.org\/index.php\/wp-json\/wp\/v2\/tags?post=13257"}],"curies":[{"name":"wp","href":"https:\/\/api.w.org\/{rel}","templated":true}]}}