{"id":13251,"date":"2021-05-02T20:55:57","date_gmt":"2021-05-02T17:55:57","guid":{"rendered":"https:\/\/www.fener.org\/?p=13251"},"modified":"2021-05-02T20:56:03","modified_gmt":"2021-05-02T17:56:03","slug":"mina-popovic-fenerbahce-opette","status":"publish","type":"post","link":"https:\/\/www.fener.org\/index.php\/2021\/05\/02\/mina-popovic-fenerbahce-opette\/","title":{"rendered":"Mina Popovic Fenerbah\u00e7e Opet&#8217;te"},"content":{"rendered":"\n<p>Fenerbah\u00e7e Opet, uzun s\u00fcre \u0130talya Ligi\u2019nde forma giyen S\u0131rbistan Kad\u0131n Voleybol Milli Tak\u0131m\u0131\u2019n\u0131n 1994 do\u011fumlu orta oyuncusu Mina Popovic&#8217;i kadrosuna katt\u0131.<\/p>\n\n\n\n<p>Mina Popovic&#8217;in transferiyle ilgili olarak kul\u00fcb\u00fcm\u00fcz\u00fcn resmi sitesinde yay\u0131nlanan a\u00e7\u0131klamada \u015fu ifadeler yer ald\u0131:<\/p>\n\n\n\n<blockquote class=\"wp-block-quote is-layout-flow wp-block-quote-is-layout-flow\"><p>S\u0131rbistan Kad\u0131n Voleybol Milli Tak\u0131m\u0131\u2019n\u0131n 1994 do\u011fumlu orta oyuncusu Mina Popovic, Kad\u0131n Voleybol Tak\u0131m\u0131m\u0131z Fenerbah\u00e7e Opet\u2019in kadrosuna kat\u0131ld\u0131.<\/p><p>Uzun s\u00fcre \u0130talya Ligi\u2019nde forma giyen Popovic, S\u0131rbistan Milli Tak\u0131m\u0131\u2019yla da \u00f6nemli ba\u015far\u0131lara imza att\u0131. Milli voleybolcu, 2015 Avrupa Oyunlar\u0131&#8217;nda ve Avrupa Voleybol \u015eampiyonas\u0131&#8217;nda bronz madalya; 2017 Avrupa Voleybol \u015eampiyonas\u0131&#8217;nda ve 2019 Avrupa Kad\u0131nlar Voleybol \u015eampiyonas\u0131&#8217;nda alt\u0131n madalya kazanarak kalitesini g\u00f6stermi\u015f oldu.<\/p><p>Bireysel ba\u015far\u0131lar\u0131yla da dikkatleri \u00fczerine \u00e7eken Mina Popovic; 2014-2015 S\u0131rbistan Ligi\u2019nde \u2018En \u0130yi Servis Atan Oyuncu\u2019, 2012 CEV U20 Avrupa \u015eampiyonas\u0131\u2019nda \u2018En \u0130yi Blok\u00f6r\u2019, 2011 U18 FIVB D\u00fcnya \u015eampiyonas\u0131\u2019nda \u2018En \u0130yi Blok\u00f6r\u2019 ve 2011 U18 CEV Avrupa \u015eampiyonas\u0131\u2019nda da \u2018En \u0130yi Blok\u00f6r\u2019 gibi ki\u015fisel ba\u015far\u0131lara imza att\u0131.<\/p><p>Mina Popovic, 2021 CEV Kad\u0131nlar \u015eampiyonlar Ligi\u2019nin \u2018En \u0130yi Blok\u00f6r\u2019 s\u0131ralamas\u0131nda ise oynad\u0131\u011f\u0131 11 ma\u00e7ta 24 blok say\u0131s\u0131yla 4.s\u0131rada yer ald\u0131.<\/p><p>Kendisine Sar\u0131 Lacivert renklerimize ho\u015f geldin diyor; armam\u0131z ile m\u00fccadele edece\u011fi her kulvarda \u015fampiyonluklarla dolu bir sezon diliyoruz.<\/p><p><strong>Fenerbah\u00e7e Spor Kul\u00fcb\u00fc<\/strong><\/p><\/blockquote>\n","protected":false},"excerpt":{"rendered":"<p>Fenerbah\u00e7e Opet, uzun s\u00fcre \u0130talya Ligi\u2019nde forma giyen S\u0131rbistan Kad\u0131n Voleybol Milli Tak\u0131m\u0131\u2019n\u0131n 1994 do\u011fumlu orta oyuncusu Mina Popovic&#8217;i kadrosuna katt\u0131. Mina Popovic&#8217;in transferiyle ilgili olarak kul\u00fcb\u00fcm\u00fcz\u00fcn resmi sitesinde yay\u0131nlanan a\u00e7\u0131klamada \u015fu ifadeler yer ald\u0131: S\u0131rbistan Kad\u0131n Voleybol Milli Tak\u0131m\u0131\u2019n\u0131n 1994 do\u011fumlu orta oyuncusu Mina Popovic, Kad\u0131n Voleybol Tak\u0131m\u0131m\u0131z Fenerbah\u00e7e Opet\u2019in kadrosuna kat\u0131ld\u0131. Uzun s\u00fcre [&hellip;]<\/p>\n","protected":false},"author":1,"featured_media":13252,"comment_status":"closed","ping_status":"closed","sticky":false,"template":"","format":"standard","meta":{"jnews-multi-image_gallery":[],"jnews_single_post":{"subtitle":"Fenerbah\u00e7e Kad\u0131n Voleybol Tak\u0131m\u0131m\u0131z, S\u0131rp oyuncu Mina Popovic'i kadrosuna katt\u0131.","format":"standard","video":"","gallery":"","source_name":"","source_url":"","via_name":"","via_url":"","override":[{"single_blog_custom":"","sidebar":"","second_sidebar":"","share_position":"","share_float_style":"","post_date_format":"","post_date_format_custom":"","post_reading_time_wpm":"","zoom_button_out_step":"1","zoom_button_in_step":"1","number_popup_post":"1"}],"image_override":[{"single_post_thumbnail_size":"","single_post_gallery_size":""}],"trending_post_position":"","trending_post_label":"","sponsored_post_label":"","sponsored_post_name":"","sponsored_post_url":"","sponsored_post_logo":"","sponsored_post_desc":""},"jnews_primary_category":{"id":"8"},"jnews_social_meta":{"fb_title":"","fb_description":"","fb_image":"","twitter_title":"","twitter_description":"","twitter_image":""},"jnews_override_counter":{"view_counter_number":"0","share_counter_number":"0","like_counter_number":"0","dislike_counter_number":"0"},"footnotes":""},"categories":[2,10,8],"tags":[23,29],"class_list":["post-13251","post","type-post","status-publish","format-standard","has-post-thumbnail","hentry","category-haberler","category-kadin-voleybol","category-voleybol","tag-fenerbahce","tag-voleybol"],"amp_enabled":true,"_links":{"self":[{"href":"https:\/\/www.fener.org\/index.php\/wp-json\/wp\/v2\/posts\/13251","targetHints":{"allow":["GET"]}}],"collection":[{"href":"https:\/\/www.fener.org\/index.php\/wp-json\/wp\/v2\/posts"}],"about":[{"href":"https:\/\/www.fener.org\/index.php\/wp-json\/wp\/v2\/types\/post"}],"author":[{"embeddable":true,"href":"https:\/\/www.fener.org\/index.php\/wp-json\/wp\/v2\/users\/1"}],"replies":[{"embeddable":true,"href":"https:\/\/www.fener.org\/index.php\/wp-json\/wp\/v2\/comments?post=13251"}],"version-history":[{"count":1,"href":"https:\/\/www.fener.org\/index.php\/wp-json\/wp\/v2\/posts\/13251\/revisions"}],"predecessor-version":[{"id":13253,"href":"https:\/\/www.fener.org\/index.php\/wp-json\/wp\/v2\/posts\/13251\/revisions\/13253"}],"wp:featuredmedia":[{"embeddable":true,"href":"https:\/\/www.fener.org\/index.php\/wp-json\/wp\/v2\/media\/13252"}],"wp:attachment":[{"href":"https:\/\/www.fener.org\/index.php\/wp-json\/wp\/v2\/media?parent=13251"}],"wp:term":[{"taxonomy":"category","embeddable":true,"href":"https:\/\/www.fener.org\/index.php\/wp-json\/wp\/v2\/categories?post=13251"},{"taxonomy":"post_tag","embeddable":true,"href":"https:\/\/www.fener.org\/index.php\/wp-json\/wp\/v2\/tags?post=13251"}],"curies":[{"name":"wp","href":"https:\/\/api.w.org\/{rel}","templated":true}]}}