{"id":13235,"date":"2021-04-30T17:47:48","date_gmt":"2021-04-30T14:47:48","guid":{"rendered":"https:\/\/www.fener.org\/?p=13235"},"modified":"2021-04-30T17:47:54","modified_gmt":"2021-04-30T14:47:54","slug":"ogulcan-yatgin-fenerbahce-hdi-sigortaya-dondu","status":"publish","type":"post","link":"https:\/\/www.fener.org\/index.php\/2021\/04\/30\/ogulcan-yatgin-fenerbahce-hdi-sigortaya-dondu\/","title":{"rendered":"O\u011fulcan Yatg\u0131n, Fenerbah\u00e7e HDI Sigorta&#8217;ya d\u00f6nd\u00fc"},"content":{"rendered":"\n<p>Fenerbah\u00e7e Erkek Voleybol Tak\u0131m\u0131 oyuncular\u0131ndan O\u011fulcan Yatg\u0131n, Efeler Ligi ekiplerinden Spor Toto&#8217;da kiral\u0131k olarak ge\u00e7irdi\u011fi bir sezonun ard\u0131ndan tak\u0131ma geri d\u00f6nd\u00fc.<\/p>\n\n\n\n<p>Kul\u00fcb\u00fcm\u00fcz\u00fcn resmi sitesinde yay\u0131nlanan a\u00e7\u0131klamada \u015f\u00f6yle denildi:<\/p>\n\n\n\n<blockquote class=\"wp-block-quote is-layout-flow wp-block-quote-is-layout-flow\"><p>Ge\u00e7ti\u011fimiz sezonda AXA Sigorta Efeler Ligi ekiplerinden Spor Toto&#8217;da kiral\u0131k olarak g\u00f6rev alan sporcumuz O\u011fulcan Yatg\u0131n, \u00a0yeni sezon yap\u0131lanmas\u0131 kapsam\u0131nda Fenerbah\u00e7e HDI Sigorta Erkek Voleybol Tak\u0131m\u0131m\u0131zda g\u00f6rev yapacakt\u0131r.<br>\u00a0<br>O\u011fulcan Yatg\u0131n\u2019a yuvana ho\u015f geldin diyor; \u00e7ubuklu formam\u0131z alt\u0131nda nice ba\u015far\u0131lar diliyoruz.<br>\u00a0<br><strong>Fenerbah\u00e7e Spor Kul\u00fcb\u00fc<\/strong><\/p><\/blockquote>\n","protected":false},"excerpt":{"rendered":"<p>Fenerbah\u00e7e Erkek Voleybol Tak\u0131m\u0131 oyuncular\u0131ndan O\u011fulcan Yatg\u0131n, Efeler Ligi ekiplerinden Spor Toto&#8217;da kiral\u0131k olarak ge\u00e7irdi\u011fi bir sezonun ard\u0131ndan tak\u0131ma geri d\u00f6nd\u00fc. Kul\u00fcb\u00fcm\u00fcz\u00fcn resmi sitesinde yay\u0131nlanan a\u00e7\u0131klamada \u015f\u00f6yle denildi: Ge\u00e7ti\u011fimiz sezonda AXA Sigorta Efeler Ligi ekiplerinden Spor Toto&#8217;da kiral\u0131k olarak g\u00f6rev alan sporcumuz O\u011fulcan Yatg\u0131n, \u00a0yeni sezon yap\u0131lanmas\u0131 kapsam\u0131nda Fenerbah\u00e7e HDI Sigorta Erkek Voleybol Tak\u0131m\u0131m\u0131zda g\u00f6rev [&hellip;]<\/p>\n","protected":false},"author":1,"featured_media":13236,"comment_status":"closed","ping_status":"closed","sticky":false,"template":"","format":"standard","meta":{"jnews-multi-image_gallery":[],"jnews_single_post":{"subtitle":"Ge\u00e7ti\u011fimiz sezon Efeler Ligi ekiplerinden Spor Toto'da kiral\u0131k olarak g\u00f6rev alan sporcumuz O\u011fulcan Yatg\u0131n, Fenerbah\u00e7e Erkek Voleybol Tak\u0131m\u0131m\u0131za geri d\u00f6nd\u00fc.","format":"standard","video":"","gallery":"","source_name":"","source_url":"","via_name":"","via_url":"","override":[{"single_blog_custom":"","sidebar":"","second_sidebar":"","share_position":"","share_float_style":"","post_date_format":"","post_date_format_custom":"","post_reading_time_wpm":"","zoom_button_out_step":"1","zoom_button_in_step":"1","number_popup_post":"1"}],"image_override":[{"single_post_thumbnail_size":"","single_post_gallery_size":""}],"trending_post_position":"","trending_post_label":"","sponsored_post_label":"","sponsored_post_name":"","sponsored_post_url":"","sponsored_post_logo":"","sponsored_post_desc":""},"jnews_primary_category":{"id":"8"},"jnews_social_meta":{"fb_title":"","fb_description":"","fb_image":"","twitter_title":"","twitter_description":"","twitter_image":""},"jnews_override_counter":{"view_counter_number":"0","share_counter_number":"0","like_counter_number":"0","dislike_counter_number":"0"},"footnotes":""},"categories":[9,2,8],"tags":[23,29],"class_list":["post-13235","post","type-post","status-publish","format-standard","has-post-thumbnail","hentry","category-erkek-voleybol","category-haberler","category-voleybol","tag-fenerbahce","tag-voleybol"],"amp_enabled":true,"_links":{"self":[{"href":"https:\/\/www.fener.org\/index.php\/wp-json\/wp\/v2\/posts\/13235","targetHints":{"allow":["GET"]}}],"collection":[{"href":"https:\/\/www.fener.org\/index.php\/wp-json\/wp\/v2\/posts"}],"about":[{"href":"https:\/\/www.fener.org\/index.php\/wp-json\/wp\/v2\/types\/post"}],"author":[{"embeddable":true,"href":"https:\/\/www.fener.org\/index.php\/wp-json\/wp\/v2\/users\/1"}],"replies":[{"embeddable":true,"href":"https:\/\/www.fener.org\/index.php\/wp-json\/wp\/v2\/comments?post=13235"}],"version-history":[{"count":1,"href":"https:\/\/www.fener.org\/index.php\/wp-json\/wp\/v2\/posts\/13235\/revisions"}],"predecessor-version":[{"id":13237,"href":"https:\/\/www.fener.org\/index.php\/wp-json\/wp\/v2\/posts\/13235\/revisions\/13237"}],"wp:featuredmedia":[{"embeddable":true,"href":"https:\/\/www.fener.org\/index.php\/wp-json\/wp\/v2\/media\/13236"}],"wp:attachment":[{"href":"https:\/\/www.fener.org\/index.php\/wp-json\/wp\/v2\/media?parent=13235"}],"wp:term":[{"taxonomy":"category","embeddable":true,"href":"https:\/\/www.fener.org\/index.php\/wp-json\/wp\/v2\/categories?post=13235"},{"taxonomy":"post_tag","embeddable":true,"href":"https:\/\/www.fener.org\/index.php\/wp-json\/wp\/v2\/tags?post=13235"}],"curies":[{"name":"wp","href":"https:\/\/api.w.org\/{rel}","templated":true}]}}