{"id":13204,"date":"2021-04-27T21:21:43","date_gmt":"2021-04-27T18:21:43","guid":{"rendered":"https:\/\/www.fener.org\/?p=13204"},"modified":"2021-04-27T21:21:48","modified_gmt":"2021-04-27T18:21:48","slug":"fenerbahce-opette-ayrilik","status":"publish","type":"post","link":"https:\/\/www.fener.org\/index.php\/2021\/04\/27\/fenerbahce-opette-ayrilik\/","title":{"rendered":"Fenerbah\u00e7e Opet&#8217;te ayr\u0131l\u0131k"},"content":{"rendered":"\n<p>Fenerbah\u00e7e Opet, Bahar Toksoy Guidetti, Brankica Mihajlovic, Bianka Busa, Aylin Sar\u0131o\u011flu ve Ceren Kestireng\u00f6z ile yollar\u0131n\u0131 ay\u0131rd\u0131.<\/p>\n\n\n\n<p>Kul\u00fcb\u00fcm\u00fcz\u00fcn resmi sitesinde konuyla ilgili \u015fu a\u00e7\u0131klama yer ald\u0131:<\/p>\n\n\n\n<blockquote class=\"wp-block-quote is-layout-flow wp-block-quote-is-layout-flow\"><p>Fenerbah\u00e7e Opet Kad\u0131n Voleybol Tak\u0131m\u0131m\u0131zda Bahar Toksoy Guidetti, Brankica Mihajlovic, Bianka Busa, Aylin Sar\u0131o\u011flu ve Ceren Kestireng\u00f6z ile yollar ayr\u0131ld\u0131.<\/p><p>Sporcular\u0131m\u0131za Fenerbah\u00e7emize yapm\u0131\u015f olduklar\u0131 katk\u0131lar i\u00e7in te\u015fekk\u00fcr eder, bundan sonraki kariyerlerinde ba\u015far\u0131lar dileriz.<\/p><p><strong>Fenerbah\u00e7e Spor Kul\u00fcb\u00fc<\/strong><\/p><\/blockquote>\n","protected":false},"excerpt":{"rendered":"<p>Fenerbah\u00e7e Opet, Bahar Toksoy Guidetti, Brankica Mihajlovic, Bianka Busa, Aylin Sar\u0131o\u011flu ve Ceren Kestireng\u00f6z ile yollar\u0131n\u0131 ay\u0131rd\u0131. Kul\u00fcb\u00fcm\u00fcz\u00fcn resmi sitesinde konuyla ilgili \u015fu a\u00e7\u0131klama yer ald\u0131: Fenerbah\u00e7e Opet Kad\u0131n Voleybol Tak\u0131m\u0131m\u0131zda Bahar Toksoy Guidetti, Brankica Mihajlovic, Bianka Busa, Aylin Sar\u0131o\u011flu ve Ceren Kestireng\u00f6z ile yollar ayr\u0131ld\u0131. Sporcular\u0131m\u0131za Fenerbah\u00e7emize yapm\u0131\u015f olduklar\u0131 katk\u0131lar i\u00e7in te\u015fekk\u00fcr eder, bundan [&hellip;]<\/p>\n","protected":false},"author":1,"featured_media":10981,"comment_status":"closed","ping_status":"closed","sticky":false,"template":"","format":"standard","meta":{"jnews-multi-image_gallery":[],"jnews_single_post":{"subtitle":"Fenerbah\u00e7e Kad\u0131n Voleybol Tak\u0131m\u0131m\u0131z, be\u015f oyuncumuzla yollar\u0131n ayr\u0131ld\u0131\u011f\u0131n\u0131 duyurdu.","format":"standard","video":"","gallery":"","source_name":"","source_url":"","via_name":"","via_url":"","override":[{"single_blog_custom":"","sidebar":"","second_sidebar":"","share_position":"","share_float_style":"","post_date_format":"","post_date_format_custom":"","post_reading_time_wpm":"","zoom_button_out_step":"1","zoom_button_in_step":"1","number_popup_post":"1"}],"image_override":[{"single_post_thumbnail_size":"","single_post_gallery_size":""}],"trending_post_position":"","trending_post_label":"","sponsored_post_label":"","sponsored_post_name":"","sponsored_post_url":"","sponsored_post_logo":"","sponsored_post_desc":""},"jnews_primary_category":{"id":"8"},"jnews_social_meta":{"fb_title":"","fb_description":"","fb_image":"","twitter_title":"","twitter_description":"","twitter_image":""},"jnews_override_counter":{"view_counter_number":"0","share_counter_number":"0","like_counter_number":"0","dislike_counter_number":"0"},"footnotes":""},"categories":[2,10,8],"tags":[23,29],"class_list":["post-13204","post","type-post","status-publish","format-standard","has-post-thumbnail","hentry","category-haberler","category-kadin-voleybol","category-voleybol","tag-fenerbahce","tag-voleybol"],"amp_enabled":true,"_links":{"self":[{"href":"https:\/\/www.fener.org\/index.php\/wp-json\/wp\/v2\/posts\/13204","targetHints":{"allow":["GET"]}}],"collection":[{"href":"https:\/\/www.fener.org\/index.php\/wp-json\/wp\/v2\/posts"}],"about":[{"href":"https:\/\/www.fener.org\/index.php\/wp-json\/wp\/v2\/types\/post"}],"author":[{"embeddable":true,"href":"https:\/\/www.fener.org\/index.php\/wp-json\/wp\/v2\/users\/1"}],"replies":[{"embeddable":true,"href":"https:\/\/www.fener.org\/index.php\/wp-json\/wp\/v2\/comments?post=13204"}],"version-history":[{"count":1,"href":"https:\/\/www.fener.org\/index.php\/wp-json\/wp\/v2\/posts\/13204\/revisions"}],"predecessor-version":[{"id":13205,"href":"https:\/\/www.fener.org\/index.php\/wp-json\/wp\/v2\/posts\/13204\/revisions\/13205"}],"wp:featuredmedia":[{"embeddable":true,"href":"https:\/\/www.fener.org\/index.php\/wp-json\/wp\/v2\/media\/10981"}],"wp:attachment":[{"href":"https:\/\/www.fener.org\/index.php\/wp-json\/wp\/v2\/media?parent=13204"}],"wp:term":[{"taxonomy":"category","embeddable":true,"href":"https:\/\/www.fener.org\/index.php\/wp-json\/wp\/v2\/categories?post=13204"},{"taxonomy":"post_tag","embeddable":true,"href":"https:\/\/www.fener.org\/index.php\/wp-json\/wp\/v2\/tags?post=13204"}],"curies":[{"name":"wp","href":"https:\/\/api.w.org\/{rel}","templated":true}]}}