{"id":13187,"date":"2021-04-24T23:05:09","date_gmt":"2021-04-24T20:05:09","guid":{"rendered":"https:\/\/www.fener.org\/?p=13187"},"modified":"2021-04-25T19:57:53","modified_gmt":"2021-04-25T16:57:53","slug":"fenerbahce-kasimpasayi-konuk-ediyor-2","status":"publish","type":"post","link":"https:\/\/www.fener.org\/index.php\/2021\/04\/24\/fenerbahce-kasimpasayi-konuk-ediyor-2\/","title":{"rendered":"Fenerbah\u00e7e, Kas\u0131mpa\u015fa\u2019y\u0131 konuk ediyor"},"content":{"rendered":"\n<p>Fenerbah\u00e7emiz, S\u00fcper Lig\u2019in 37. hafta kapan\u0131\u015f ma\u00e7\u0131nda Kas\u0131mpa\u015fa\u2019y\u0131 a\u011f\u0131rlayacak. Yar\u0131n (25 Nisan Pazar g\u00fcn\u00fc) \u00dclker Stadyumu Fenerbah\u00e7e \u015e\u00fckr\u00fc Saraco\u011flu Spor Kompleksi\u2019nde oynanacak m\u00fcsabaka saat 20.30\u2019da ba\u015flayacak. Kar\u015f\u0131la\u015fmada hakem F\u0131rat Ayd\u0131nus g\u00f6rev yapacak.<\/p>\n\n\n\n<p>Sar\u0131-lacivertlilerde sakatl\u0131klar\u0131 bulunan Altay Bay\u0131nd\u0131r, Sad\u0131k \u00c7iftp\u0131nar ve Diego Perotti, Kas\u0131mpa\u015fa ma\u00e7\u0131nda forma giyemeyecek.<br>&nbsp;<br>Haftaya 69 puanla ikinci s\u0131rada giren Tak\u0131m\u0131m\u0131z, ge\u00e7ti\u011fimiz haftay\u0131 bay ge\u00e7erken; 37 puanl\u0131 Kas\u0131mpa\u015fa ise 36. hafta m\u00fcsabakas\u0131nda Medipol Ba\u015fak\u015fehir\u2019e 1-0 ma\u011flup oldu.<br>&nbsp;<br>Bu sezon iki tak\u0131m aras\u0131nda ligin ilk yar\u0131s\u0131nda oynanan ma\u00e7\u0131 ekibimiz 3-0 kazanm\u0131\u015ft\u0131.&nbsp;<\/p>\n","protected":false},"excerpt":{"rendered":"<p>Fenerbah\u00e7emiz, S\u00fcper Lig\u2019in 37. hafta kapan\u0131\u015f ma\u00e7\u0131nda Kas\u0131mpa\u015fa\u2019y\u0131 a\u011f\u0131rlayacak. Yar\u0131n (25 Nisan Pazar g\u00fcn\u00fc) \u00dclker Stadyumu Fenerbah\u00e7e \u015e\u00fckr\u00fc Saraco\u011flu Spor Kompleksi\u2019nde oynanacak m\u00fcsabaka saat 20.30\u2019da ba\u015flayacak. Kar\u015f\u0131la\u015fmada hakem F\u0131rat Ayd\u0131nus g\u00f6rev yapacak. Sar\u0131-lacivertlilerde sakatl\u0131klar\u0131 bulunan Altay Bay\u0131nd\u0131r, Sad\u0131k \u00c7iftp\u0131nar ve Diego Perotti, Kas\u0131mpa\u015fa ma\u00e7\u0131nda forma giyemeyecek.&nbsp;Haftaya 69 puanla ikinci s\u0131rada giren Tak\u0131m\u0131m\u0131z, ge\u00e7ti\u011fimiz haftay\u0131 bay [&hellip;]<\/p>\n","protected":false},"author":1,"featured_media":11903,"comment_status":"closed","ping_status":"closed","sticky":false,"template":"","format":"standard","meta":{"jnews-multi-image_gallery":[],"jnews_single_post":{"subtitle":"Fenerbah\u00e7e, S\u00fcper Lig\u2019in 37. hafta ma\u00e7\u0131nda sahas\u0131nda Kas\u0131mpa\u015fa ile m\u00fccadele edecek.","format":"standard","video":"","gallery":"","source_name":"","source_url":"","via_name":"","via_url":"","override":[{"single_blog_custom":"","sidebar":"","second_sidebar":"","share_position":"","share_float_style":"","post_date_format":"","post_date_format_custom":"","post_reading_time_wpm":"","zoom_button_out_step":"1","zoom_button_in_step":"1","number_popup_post":"1"}],"image_override":[{"single_post_thumbnail_size":"","single_post_gallery_size":""}],"trending_post_position":"","trending_post_label":"","sponsored_post_label":"","sponsored_post_name":"","sponsored_post_url":"","sponsored_post_logo":"","sponsored_post_desc":""},"jnews_primary_category":{"id":"4"},"jnews_social_meta":{"fb_title":"","fb_description":"","fb_image":"","twitter_title":"","twitter_description":"","twitter_image":""},"jnews_override_counter":{"view_counter_number":"0","share_counter_number":"0","like_counter_number":"0","dislike_counter_number":"0"},"footnotes":""},"categories":[4,2,47],"tags":[23,54],"class_list":["post-13187","post","type-post","status-publish","format-standard","has-post-thumbnail","hentry","category-futbol","category-haberler","category-profesyonel-a-futbol-takimi","tag-fenerbahce","tag-futbol"],"amp_enabled":true,"_links":{"self":[{"href":"https:\/\/www.fener.org\/index.php\/wp-json\/wp\/v2\/posts\/13187","targetHints":{"allow":["GET"]}}],"collection":[{"href":"https:\/\/www.fener.org\/index.php\/wp-json\/wp\/v2\/posts"}],"about":[{"href":"https:\/\/www.fener.org\/index.php\/wp-json\/wp\/v2\/types\/post"}],"author":[{"embeddable":true,"href":"https:\/\/www.fener.org\/index.php\/wp-json\/wp\/v2\/users\/1"}],"replies":[{"embeddable":true,"href":"https:\/\/www.fener.org\/index.php\/wp-json\/wp\/v2\/comments?post=13187"}],"version-history":[{"count":2,"href":"https:\/\/www.fener.org\/index.php\/wp-json\/wp\/v2\/posts\/13187\/revisions"}],"predecessor-version":[{"id":13189,"href":"https:\/\/www.fener.org\/index.php\/wp-json\/wp\/v2\/posts\/13187\/revisions\/13189"}],"wp:featuredmedia":[{"embeddable":true,"href":"https:\/\/www.fener.org\/index.php\/wp-json\/wp\/v2\/media\/11903"}],"wp:attachment":[{"href":"https:\/\/www.fener.org\/index.php\/wp-json\/wp\/v2\/media?parent=13187"}],"wp:term":[{"taxonomy":"category","embeddable":true,"href":"https:\/\/www.fener.org\/index.php\/wp-json\/wp\/v2\/categories?post=13187"},{"taxonomy":"post_tag","embeddable":true,"href":"https:\/\/www.fener.org\/index.php\/wp-json\/wp\/v2\/tags?post=13187"}],"curies":[{"name":"wp","href":"https:\/\/api.w.org\/{rel}","templated":true}]}}