{"id":13137,"date":"2021-04-18T17:12:37","date_gmt":"2021-04-18T14:12:37","guid":{"rendered":"https:\/\/www.fener.org\/?p=13137"},"modified":"2021-04-18T17:54:38","modified_gmt":"2021-04-18T14:54:38","slug":"fenerbahce-oznur-kablo-avrupa-ucuncusu","status":"publish","type":"post","link":"https:\/\/www.fener.org\/index.php\/2021\/04\/18\/fenerbahce-oznur-kablo-avrupa-ucuncusu\/","title":{"rendered":"Fenerbah\u00e7e \u00d6znur Kablo Avrupa \u00dc\u00e7\u00fcnc\u00fcs\u00fc"},"content":{"rendered":"\n<p>Fenerbah\u00e7e \u00d6znur Kablo Kad\u0131n Basketbol Tak\u0131m\u0131m\u0131z, Kad\u0131nlar EuroLeague\u2019de 2020-2021 sezonunu Sopron Basket galibiyetiyle \u00fc\u00e7\u00fcnc\u00fc s\u0131rada tamamlad\u0131.<\/p>\n\n\n\n<p>Kul\u00fcb\u00fcm\u00fcz\u00fcn ev sahipli\u011finde ger\u00e7ekle\u015ftirilen Kad\u0131nlar EuroLeague Final Four organizasyonu \u00fc\u00e7\u00fcnc\u00fcl\u00fck ma\u00e7\u0131nda Macaristan ekibi Sopron Basket\u2019i konuk eden Fenerbah\u00e7e \u00d6znur Kablo Kad\u0131n Basketbol Tak\u0131m\u0131m\u0131z, kar\u015f\u0131la\u015fmay\u0131 64-58 kazand\u0131.<\/p>\n\n\n\n<p>Volkswagen Arena\u2019da oynanan ma\u00e7\u0131 Ba\u015fkan\u0131m\u0131z Ali Ko\u00e7, Genel Sekreterimiz Burak \u00c7a\u011flan K\u0131z\u0131lhan, Y\u00f6netim Kurulu \u00dcyelerimiz Sevil Zeynep Becan, Mustafa Kemal Danaba\u015f, Serta\u00e7 Komsuo\u011flu, Turhan \u015eahin, Metin Sipahio\u011flu, Selahattin Baki, \u0130lker Din\u00e7ay, Fenerbah\u00e7e Futbol A.\u015e. Y\u00f6netim Kurulu \u00dcyemiz Ru\u015fen \u00c7etin ve \u00d6znur Kablo Y\u00f6netim Kurulu Ba\u015fkan\u0131 \u0130brahim Balar\u0131s\u0131 da izledi.<\/p>\n\n\n\n<p>Tak\u0131m\u0131m\u0131z ma\u00e7a; Jasmine Thomas, Kayla McBride, Alina Iagupova, Satou Sabally, Kia Vaughn be\u015fiyle ba\u015flad\u0131.<br>Kar\u015f\u0131la\u015fmaya 9-1\u2019lik seri ile giren ve savunmada rakibine kolay say\u0131 \u015fans\u0131 tan\u0131mayan Fenerbah\u00e7e \u00d6znur Kablo, \u00e7eyre\u011fi 22-9 \u00f6nde tamamlad\u0131. \u0130kinci periyotun ba\u015f\u0131nda d\u0131\u015f at\u0131\u015flardan buldu\u011fu basketlerle fark\u0131 a\u00e7an Ekibimiz, \u00e7eyre\u011fin ikinci b\u00f6l\u00fcm\u00fcnde art arda yapt\u0131\u011f\u0131 top kay\u0131plar\u0131 sonras\u0131nda h\u00fccumlardan da bo\u015f d\u00f6n\u00fcnce fark erise de soyunma odas\u0131na 36-31 \u00f6nde gitti. Kar\u015f\u0131l\u0131kl\u0131 basketlere sahne olan \u00e7eyre\u011fi 47-46 \u00f6nde ge\u00e7en Tak\u0131m\u0131m\u0131z, d\u00f6rd\u00fcnc\u00fc \u00e7eyre\u011fe 10-\u2018l\u0131k seri ile ba\u015flad\u0131 ve fark\u0131 \u00e7ift hanelere ta\u015f\u0131d\u0131. Jasmine Thomas d\u00f6rd\u00fcnc\u00fc \u00e7eyrekte fark yarat\u0131rken Fenerbah\u00e7e \u00d6znur Kablo ma\u00e7\u0131 64-58 kazand\u0131.<\/p>\n\n\n\n<p><strong>Fenerbah\u00e7e \u00d6znur Kablo (64):<\/strong> McBride 15, Sabally 13, Vaughn 12, Iagupova 11, Thomas 8, Zandalasini 3, Stokes 2<\/p>\n","protected":false},"excerpt":{"rendered":"<p>Fenerbah\u00e7e \u00d6znur Kablo Kad\u0131n Basketbol Tak\u0131m\u0131m\u0131z, Kad\u0131nlar EuroLeague\u2019de 2020-2021 sezonunu Sopron Basket galibiyetiyle \u00fc\u00e7\u00fcnc\u00fc s\u0131rada tamamlad\u0131. Kul\u00fcb\u00fcm\u00fcz\u00fcn ev sahipli\u011finde ger\u00e7ekle\u015ftirilen Kad\u0131nlar EuroLeague Final Four organizasyonu \u00fc\u00e7\u00fcnc\u00fcl\u00fck ma\u00e7\u0131nda Macaristan ekibi Sopron Basket\u2019i konuk eden Fenerbah\u00e7e \u00d6znur Kablo Kad\u0131n Basketbol Tak\u0131m\u0131m\u0131z, kar\u015f\u0131la\u015fmay\u0131 64-58 kazand\u0131. Volkswagen Arena\u2019da oynanan ma\u00e7\u0131 Ba\u015fkan\u0131m\u0131z Ali Ko\u00e7, Genel Sekreterimiz Burak \u00c7a\u011flan K\u0131z\u0131lhan, Y\u00f6netim [&hellip;]<\/p>\n","protected":false},"author":1,"featured_media":13140,"comment_status":"closed","ping_status":"closed","sticky":false,"template":"","format":"standard","meta":{"jnews-multi-image_gallery":[],"jnews_single_post":{"subtitle":"Fenerbah\u00e7e Kad\u0131n Basketbol Tak\u0131m\u0131m\u0131z, Kad\u0131nlar EuroLeague\u2019de \u00fc\u00e7\u00fcnc\u00fcl\u00fck m\u00fccadelesinde kar\u015f\u0131la\u015ft\u0131\u011f\u0131 Sopron Basket'i 64-58 ma\u011flup ederek sezonu \u00fc\u00e7\u00fcnc\u00fc s\u0131rada tamamlad\u0131.","format":"standard","video":"","gallery":"","source_name":"","source_url":"","via_name":"","via_url":"","override":[{"single_blog_custom":"","sidebar":"","second_sidebar":"","share_position":"","share_float_style":"","post_date_format":"","post_date_format_custom":"","post_reading_time_wpm":"","zoom_button_out_step":"1","zoom_button_in_step":"1","number_popup_post":"1"}],"image_override":[{"single_post_thumbnail_size":"","single_post_gallery_size":""}],"trending_post_position":"","trending_post_label":"","sponsored_post_label":"","sponsored_post_name":"","sponsored_post_url":"","sponsored_post_logo":"","sponsored_post_desc":""},"jnews_primary_category":{"id":"5"},"jnews_social_meta":{"fb_title":"","fb_description":"","fb_image":"","twitter_title":"","twitter_description":"","twitter_image":""},"jnews_override_counter":{"view_counter_number":"0","share_counter_number":"0","like_counter_number":"0","dislike_counter_number":"0"},"footnotes":""},"categories":[5,2,7],"tags":[24,23],"class_list":["post-13137","post","type-post","status-publish","format-standard","has-post-thumbnail","hentry","category-basketbol","category-haberler","category-kadin-basketbol","tag-basketbol","tag-fenerbahce"],"amp_enabled":true,"_links":{"self":[{"href":"https:\/\/www.fener.org\/index.php\/wp-json\/wp\/v2\/posts\/13137","targetHints":{"allow":["GET"]}}],"collection":[{"href":"https:\/\/www.fener.org\/index.php\/wp-json\/wp\/v2\/posts"}],"about":[{"href":"https:\/\/www.fener.org\/index.php\/wp-json\/wp\/v2\/types\/post"}],"author":[{"embeddable":true,"href":"https:\/\/www.fener.org\/index.php\/wp-json\/wp\/v2\/users\/1"}],"replies":[{"embeddable":true,"href":"https:\/\/www.fener.org\/index.php\/wp-json\/wp\/v2\/comments?post=13137"}],"version-history":[{"count":1,"href":"https:\/\/www.fener.org\/index.php\/wp-json\/wp\/v2\/posts\/13137\/revisions"}],"predecessor-version":[{"id":13139,"href":"https:\/\/www.fener.org\/index.php\/wp-json\/wp\/v2\/posts\/13137\/revisions\/13139"}],"wp:featuredmedia":[{"embeddable":true,"href":"https:\/\/www.fener.org\/index.php\/wp-json\/wp\/v2\/media\/13140"}],"wp:attachment":[{"href":"https:\/\/www.fener.org\/index.php\/wp-json\/wp\/v2\/media?parent=13137"}],"wp:term":[{"taxonomy":"category","embeddable":true,"href":"https:\/\/www.fener.org\/index.php\/wp-json\/wp\/v2\/categories?post=13137"},{"taxonomy":"post_tag","embeddable":true,"href":"https:\/\/www.fener.org\/index.php\/wp-json\/wp\/v2\/tags?post=13137"}],"curies":[{"name":"wp","href":"https:\/\/api.w.org\/{rel}","templated":true}]}}