{"id":13041,"date":"2021-04-10T21:26:55","date_gmt":"2021-04-10T18:26:55","guid":{"rendered":"https:\/\/www.fener.org\/?p=13041"},"modified":"2021-04-10T21:27:09","modified_gmt":"2021-04-10T18:27:09","slug":"fenerbahce-beko-frutti-extra-bursaspora-konuk-oluyor","status":"publish","type":"post","link":"https:\/\/www.fener.org\/index.php\/2021\/04\/10\/fenerbahce-beko-frutti-extra-bursaspora-konuk-oluyor\/","title":{"rendered":"Fenerbah\u00e7e Beko, Frutti Extra Bursaspor\u2019a konuk oluyor"},"content":{"rendered":"\n<p>Fenerbah\u00e7e Beko Erkek Basketbol Tak\u0131m\u0131m\u0131z, ING Basketbol S\u00fcper Ligi 28. hafta ma\u00e7\u0131nda Frutti Extra Bursaspor\u2019a konuk oluyor. Yar\u0131n (11 Nisan Pazar g\u00fcn\u00fc) saat 13.00\u2019da Tofa\u015f Spor Salonu\u2019nda oynanacak m\u00fccadele Tivibu Spor 2\u2019den canl\u0131 yay\u0131nlanacak.<\/p>\n\n\n\n<p>Ekibimiz, son resmi kar\u015f\u0131la\u015fmas\u0131na Turkish Airlines EuroLeague\u2019de \u00e7\u0131kt\u0131. Normal sezonun son m\u00fccadelesinde 8 Nisan Per\u015fembe g\u00fcn\u00fc Real Madrid\u2019i konuk eden Igor Kokoskov\u2019un \u00f6\u011frencileri, rakibine 67-93 yenildi. Sar\u0131-lacivertliler, bu sonu\u00e7la normal sezonu yedinci s\u0131rada bitirdi ve Playoff turunda CSKA Moskova ile e\u015fle\u015fti.<\/p>\n\n\n\n<p>Fenerbah\u00e7e Beko, ING Basketbol S\u00fcper Ligi\u2019ndeki son ma\u00e7\u0131nda 4 Nisan Pazar g\u00fcn\u00fc konuk etti\u011fi P\u0131nar Kar\u015f\u0131yaka\u2019y\u0131 117-59 ile ge\u00e7erek 27. ma\u00e7\u0131nda 21. galibiyetini elde etti.<\/p>\n\n\n\n<p>Dusan Alimpijevic taraf\u0131ndan \u00e7al\u0131\u015ft\u0131r\u0131lan Frutti Extra Bursaspor, bu sezon ligimizde oynad\u0131\u011f\u0131 27 ma\u00e7ta 11 galibiyet ald\u0131. Rakibimiz, son lig kar\u015f\u0131la\u015fmas\u0131nda konuk etti\u011fi Anadolu Efes\u2019e 76-95 yenildi.<\/p>\n\n\n\n<p>Rakibimiz, bu sezon \u00fclkemizi EuroCup\u2019ta temsil etti. Bursaspor, bu organizasyonda D Grubu\u2019nda yer ald\u0131. Ye\u015fil-beyazl\u0131lar, EuroCup\u2019ta oynad\u0131\u011f\u0131 10 ma\u00e7ta 3 galibiyet elde etti.<\/p>\n\n\n\n<p>Ligin ilk yar\u0131s\u0131nda \u0130stanbul\u2019da oynanan kar\u015f\u0131la\u015fmay\u0131 Fenerbah\u00e7e Beko 90-54 kazand\u0131.<\/p>\n","protected":false},"excerpt":{"rendered":"<p>Fenerbah\u00e7e Beko Erkek Basketbol Tak\u0131m\u0131m\u0131z, ING Basketbol S\u00fcper Ligi 28. hafta ma\u00e7\u0131nda Frutti Extra Bursaspor\u2019a konuk oluyor. Yar\u0131n (11 Nisan Pazar g\u00fcn\u00fc) saat 13.00\u2019da Tofa\u015f Spor Salonu\u2019nda oynanacak m\u00fccadele Tivibu Spor 2\u2019den canl\u0131 yay\u0131nlanacak. Ekibimiz, son resmi kar\u015f\u0131la\u015fmas\u0131na Turkish Airlines EuroLeague\u2019de \u00e7\u0131kt\u0131. Normal sezonun son m\u00fccadelesinde 8 Nisan Per\u015fembe g\u00fcn\u00fc Real Madrid\u2019i konuk eden Igor [&hellip;]<\/p>\n","protected":false},"author":1,"featured_media":11626,"comment_status":"closed","ping_status":"closed","sticky":false,"template":"","format":"standard","meta":{"jnews-multi-image_gallery":[],"jnews_single_post":{"subtitle":"Fenerbah\u00e7e Erkek Basketbol Tak\u0131m\u0131m\u0131z, Basketbol S\u00fcper Ligi 28. hafta ma\u00e7\u0131nda Frutti Extra Bursaspor\u2019a konuk oluyor.","format":"standard","video":"","gallery":"","source_name":"","source_url":"","via_name":"","via_url":"","override":[{"single_blog_custom":"","sidebar":"","second_sidebar":"","share_position":"","share_float_style":"","post_date_format":"","post_date_format_custom":"","post_reading_time_wpm":"","zoom_button_out_step":"1","zoom_button_in_step":"1","number_popup_post":"1"}],"image_override":[{"single_post_thumbnail_size":"","single_post_gallery_size":""}],"trending_post_position":"","trending_post_label":"","sponsored_post_label":"","sponsored_post_name":"","sponsored_post_url":"","sponsored_post_logo":"","sponsored_post_desc":""},"jnews_primary_category":{"id":"5"},"jnews_social_meta":{"fb_title":"","fb_description":"","fb_image":"","twitter_title":"","twitter_description":"","twitter_image":""},"jnews_override_counter":{"view_counter_number":"0","share_counter_number":"0","like_counter_number":"0","dislike_counter_number":"0"},"footnotes":""},"categories":[5,6,2],"tags":[24,23],"class_list":["post-13041","post","type-post","status-publish","format-standard","has-post-thumbnail","hentry","category-basketbol","category-erkek-basketbol","category-haberler","tag-basketbol","tag-fenerbahce"],"amp_enabled":true,"_links":{"self":[{"href":"https:\/\/www.fener.org\/index.php\/wp-json\/wp\/v2\/posts\/13041","targetHints":{"allow":["GET"]}}],"collection":[{"href":"https:\/\/www.fener.org\/index.php\/wp-json\/wp\/v2\/posts"}],"about":[{"href":"https:\/\/www.fener.org\/index.php\/wp-json\/wp\/v2\/types\/post"}],"author":[{"embeddable":true,"href":"https:\/\/www.fener.org\/index.php\/wp-json\/wp\/v2\/users\/1"}],"replies":[{"embeddable":true,"href":"https:\/\/www.fener.org\/index.php\/wp-json\/wp\/v2\/comments?post=13041"}],"version-history":[{"count":1,"href":"https:\/\/www.fener.org\/index.php\/wp-json\/wp\/v2\/posts\/13041\/revisions"}],"predecessor-version":[{"id":13042,"href":"https:\/\/www.fener.org\/index.php\/wp-json\/wp\/v2\/posts\/13041\/revisions\/13042"}],"wp:featuredmedia":[{"embeddable":true,"href":"https:\/\/www.fener.org\/index.php\/wp-json\/wp\/v2\/media\/11626"}],"wp:attachment":[{"href":"https:\/\/www.fener.org\/index.php\/wp-json\/wp\/v2\/media?parent=13041"}],"wp:term":[{"taxonomy":"category","embeddable":true,"href":"https:\/\/www.fener.org\/index.php\/wp-json\/wp\/v2\/categories?post=13041"},{"taxonomy":"post_tag","embeddable":true,"href":"https:\/\/www.fener.org\/index.php\/wp-json\/wp\/v2\/tags?post=13041"}],"curies":[{"name":"wp","href":"https:\/\/api.w.org\/{rel}","templated":true}]}}