{"id":12957,"date":"2021-04-03T23:30:33","date_gmt":"2021-04-03T20:30:33","guid":{"rendered":"https:\/\/www.fener.org\/?p=12957"},"modified":"2021-04-03T23:30:58","modified_gmt":"2021-04-03T20:30:58","slug":"fenerbahce-bekonun-konugu-pinar-karsiyaka","status":"publish","type":"post","link":"https:\/\/www.fener.org\/index.php\/2021\/04\/03\/fenerbahce-bekonun-konugu-pinar-karsiyaka\/","title":{"rendered":"Fenerbah\u00e7e Beko\u2019nun konu\u011fu P\u0131nar Kar\u015f\u0131yaka"},"content":{"rendered":"\n<p>Fenerbah\u00e7e Beko Erkek Basketbol Tak\u0131m\u0131m\u0131z, ING Basketbol S\u00fcper Ligi 27. hafta ma\u00e7\u0131nda P\u0131nar Kar\u015f\u0131yaka\u2019y\u0131 konuk ediyor. Yar\u0131n (4 Nisan Pazar g\u00fcn\u00fc) saat 17.30\u2019da \u00dclker Spor ve Etkinlik Salonu\u2019nda oynanacak m\u00fccadele Tivibu Spor 2\u2019den canl\u0131 yay\u0131nlanacak.<\/p>\n\n\n\n<p>Fenerbah\u00e7e Beko, son resmi ma\u00e7\u0131nda Turkish Airlines EuroLeague\u2019de 2 Nisan Cuma g\u00fcn\u00fc Barcelona\u2019y\u0131 konuk etti. Tak\u0131m\u0131m\u0131z, m\u00fccadeleden 73-82 ma\u011flup ayr\u0131larak 33 hafta sonunda 20 galibiyette kald\u0131.<\/p>\n\n\n\n<p>Sar\u0131-Lacivertliler, ING Basketbol S\u00fcper Ligi\u2019ndeki son kar\u015f\u0131la\u015fmas\u0131nda 28 Mart Pazar g\u00fcn\u00fc konuk oldu\u011fu HDI Sigorta Afyon Belediyesi\u2019ni 87-97 ma\u011flup ederek 26. ma\u00e7\u0131nda 20. galibiyetini elde etti.<\/p>\n\n\n\n<p>Fenerbah\u00e7e Beko\u2019da, Barcelona kar\u015f\u0131la\u015fmas\u0131nda sakatlanan Jan Vesely ve Nando De Colo\u2019nun yan\u0131 s\u0131ra, bireysel \u00e7al\u0131\u015fmalar\u0131na devam eden Edgaras Ulanovas bu kar\u015f\u0131la\u015fmada forma giyemeyecek.<\/p>\n\n\n\n<p>Ufuk Sar\u0131ca taraf\u0131ndan \u00e7al\u0131\u015ft\u0131r\u0131lan P\u0131nar Kar\u015f\u0131yaka, bu sezon ligimizde oynad\u0131\u011f\u0131 26 ma\u00e7ta 20 galibiyet ald\u0131 ve Fenerbah\u00e7e Beko\u2019nun hemen ard\u0131nda \u00fc\u00e7\u00fcnc\u00fc s\u0131rada yer al\u0131yor. Rakibimiz, son lig kar\u015f\u0131la\u015fmas\u0131nda 27 Mart Cumartesi g\u00fcn\u00fc Frutti Extra Bursaspor\u2019u konuk etti\u011fi m\u00fccadeleyi 84-85 kaybetti.<\/p>\n\n\n\n<p>\u0130zmir temsilcisi, bu sezon Fiba \u015eampiyonlar Ligi\u2019nde m\u00fccadele ediyor. Play-off turunda I Grubu\u2019nda yer alan P\u0131nar Kar\u015f\u0131yaka, be\u015f ma\u00e7ta iki galibiyet ald\u0131. Ufuk Sar\u0131ca\u2019n\u0131n \u00f6\u011frencileri, bu kulvardaki son kar\u015f\u0131la\u015fmas\u0131nda 30 Mart Sal\u0131 g\u00fcn\u00fc konuk oldu\u011fu Tofa\u015f\u2019a 90-79 yenildi.<\/p>\n\n\n\n<p>ING Basketbol S\u00fcper Ligi 2020-21 sezonu ilk yar\u0131s\u0131nda \u0130zmir\u2019de oynanan m\u00fccadeleyi P\u0131nar Kar\u015f\u0131yaka 83-79 kazand\u0131.<\/p>\n","protected":false},"excerpt":{"rendered":"<p>Fenerbah\u00e7e Beko Erkek Basketbol Tak\u0131m\u0131m\u0131z, ING Basketbol S\u00fcper Ligi 27. hafta ma\u00e7\u0131nda P\u0131nar Kar\u015f\u0131yaka\u2019y\u0131 konuk ediyor. Yar\u0131n (4 Nisan Pazar g\u00fcn\u00fc) saat 17.30\u2019da \u00dclker Spor ve Etkinlik Salonu\u2019nda oynanacak m\u00fccadele Tivibu Spor 2\u2019den canl\u0131 yay\u0131nlanacak. Fenerbah\u00e7e Beko, son resmi ma\u00e7\u0131nda Turkish Airlines EuroLeague\u2019de 2 Nisan Cuma g\u00fcn\u00fc Barcelona\u2019y\u0131 konuk etti. Tak\u0131m\u0131m\u0131z, m\u00fccadeleden 73-82 ma\u011flup ayr\u0131larak [&hellip;]<\/p>\n","protected":false},"author":1,"featured_media":12835,"comment_status":"closed","ping_status":"closed","sticky":false,"template":"","format":"standard","meta":{"jnews-multi-image_gallery":[],"jnews_single_post":{"subtitle":"Fenerbah\u00e7e Erkek Basketbol Tak\u0131m\u0131m\u0131z, Basketbol S\u00fcper Ligi 27. hafta ma\u00e7\u0131nda sahas\u0131nda P\u0131nar Kar\u015f\u0131yaka ile m\u00fccadele edecek.","format":"standard","video":"","gallery":"","source_name":"","source_url":"","via_name":"","via_url":"","override":[{"single_blog_custom":"","sidebar":"","second_sidebar":"","share_position":"","share_float_style":"","post_date_format":"","post_date_format_custom":"","post_reading_time_wpm":"","zoom_button_out_step":"1","zoom_button_in_step":"1","number_popup_post":"1"}],"image_override":[{"single_post_thumbnail_size":"","single_post_gallery_size":""}],"trending_post_position":"","trending_post_label":"","sponsored_post_label":"","sponsored_post_name":"","sponsored_post_url":"","sponsored_post_logo":"","sponsored_post_desc":""},"jnews_primary_category":{"id":"5"},"jnews_social_meta":{"fb_title":"","fb_description":"","fb_image":"","twitter_title":"","twitter_description":"","twitter_image":""},"jnews_override_counter":{"view_counter_number":"0","share_counter_number":"0","like_counter_number":"0","dislike_counter_number":"0"},"footnotes":""},"categories":[5,6,2],"tags":[24,23],"class_list":["post-12957","post","type-post","status-publish","format-standard","has-post-thumbnail","hentry","category-basketbol","category-erkek-basketbol","category-haberler","tag-basketbol","tag-fenerbahce"],"amp_enabled":true,"_links":{"self":[{"href":"https:\/\/www.fener.org\/index.php\/wp-json\/wp\/v2\/posts\/12957","targetHints":{"allow":["GET"]}}],"collection":[{"href":"https:\/\/www.fener.org\/index.php\/wp-json\/wp\/v2\/posts"}],"about":[{"href":"https:\/\/www.fener.org\/index.php\/wp-json\/wp\/v2\/types\/post"}],"author":[{"embeddable":true,"href":"https:\/\/www.fener.org\/index.php\/wp-json\/wp\/v2\/users\/1"}],"replies":[{"embeddable":true,"href":"https:\/\/www.fener.org\/index.php\/wp-json\/wp\/v2\/comments?post=12957"}],"version-history":[{"count":1,"href":"https:\/\/www.fener.org\/index.php\/wp-json\/wp\/v2\/posts\/12957\/revisions"}],"predecessor-version":[{"id":12958,"href":"https:\/\/www.fener.org\/index.php\/wp-json\/wp\/v2\/posts\/12957\/revisions\/12958"}],"wp:featuredmedia":[{"embeddable":true,"href":"https:\/\/www.fener.org\/index.php\/wp-json\/wp\/v2\/media\/12835"}],"wp:attachment":[{"href":"https:\/\/www.fener.org\/index.php\/wp-json\/wp\/v2\/media?parent=12957"}],"wp:term":[{"taxonomy":"category","embeddable":true,"href":"https:\/\/www.fener.org\/index.php\/wp-json\/wp\/v2\/categories?post=12957"},{"taxonomy":"post_tag","embeddable":true,"href":"https:\/\/www.fener.org\/index.php\/wp-json\/wp\/v2\/tags?post=12957"}],"curies":[{"name":"wp","href":"https:\/\/api.w.org\/{rel}","templated":true}]}}