{"id":12745,"date":"2021-03-13T00:50:08","date_gmt":"2021-03-12T21:50:08","guid":{"rendered":"https:\/\/www.fener.org\/?p=12745"},"modified":"2021-03-13T08:59:34","modified_gmt":"2021-03-13T05:59:34","slug":"valencia-basket-66-52-fenerbahce-beko","status":"publish","type":"post","link":"https:\/\/www.fener.org\/index.php\/2021\/03\/13\/valencia-basket-66-52-fenerbahce-beko\/","title":{"rendered":"Valencia Basket 66-52 Fenerbah\u00e7e Beko"},"content":{"rendered":"\n<p>Fenerbah\u00e7e Beko Erkek Basketbol Tak\u0131m\u0131m\u0131z, Turkish Airlines EuroLeague 29. hafta ma\u00e7\u0131nda Valencia Basket\u2019e konuk oldu. Fuente de San Luis&#8217;de oynanan m\u00fccadele rakibimizin 66-52 \u00fcst\u00fcnl\u00fcyle sona erdi. Fenerbah\u00e7e Beko bu sonucun ard\u0131ndan 17 galibiyette kald\u0131.<\/p>\n\n\n\n<p>Ma\u00e7a Nando De Colo, Lorenzo Brown, Edgaras Ulanovas, Ahmet D\u00fcverio\u011flu ve Jan Vesely be\u015fiyle ba\u015flayan Tak\u0131m\u0131m\u0131z, \u00e7eyre\u011fi 18-10 geride kapatt\u0131. \u0130kinci periyotta 7-0\u2019l\u0131k seri yakalayan Fenerbah\u00e7e Beko, fark\u0131 3 say\u0131ya indirdi. (20-17) 9-2\u2019lik seri ile skoru 28-28\u2019te e\u015fitleyen Kokoskov\u2019un \u00f6\u011frencileri, rakibinin ise 9-0\u2019l\u0131k serisine engel olamad\u0131 ve soyunma odas\u0131na 37-28 geride gitti. \u00dc\u00e7\u00fcnc\u00fc \u00e7eyrekte fark\u0131 \u00e7ift hanelere kadar \u00e7\u0131karan \u0130spanyol ekibi kar\u015f\u0131s\u0131nda De Colo ile say\u0131lar bulan Ekibimiz, \u00e7eyre\u011fi 45-39 geride tamamlad\u0131. D\u00f6rd\u00fcnc\u00fc \u00e7eyrekte fark a\u00e7\u0131l\u0131rken, tak\u0131m\u0131m\u0131z m\u00fccadeleden 66-52 ma\u011flup ayr\u0131ld\u0131.<\/p>\n\n\n\n<p>Fenerbah\u00e7e Beko\u2019nun Valencia ma\u00e7 kadrosunda ayak bile\u011finde sakatl\u0131\u011f\u0131 bulunan Marko Guduric ile tak\u0131m idmanlar\u0131na \u00f6n\u00fcm\u00fczdeki hafta dahil olacak Alex Perez\u2019in yan\u0131 s\u0131ra Melih Mahmuto\u011flu, Berkay Candan ve Yi\u011fit Onan yer almad\u0131.<\/p>\n\n\n<p><strong>\u00c7eyrek skorlar\u0131:<\/strong><br \/>1.\u00c7eyrek: 18-10<br \/>2.\u00c7eyrek: 19-18<br \/>3.\u00c7eyrek: 8-11<br \/>4.\u00c7eyrek: 21-13<br \/><br \/><strong>Fenerbah\u00e7e Beko (52):<\/strong> Vesely 15, De Colo 14, Pierre 9, Eddie 7, Brown 5, Barthel 2<\/p>","protected":false},"excerpt":{"rendered":"<p>Fenerbah\u00e7e Beko Erkek Basketbol Tak\u0131m\u0131m\u0131z, Turkish Airlines EuroLeague 29. hafta ma\u00e7\u0131nda Valencia Basket\u2019e konuk oldu. Fuente de San Luis&#8217;de oynanan m\u00fccadele rakibimizin 66-52 \u00fcst\u00fcnl\u00fcyle sona erdi. Fenerbah\u00e7e Beko bu sonucun ard\u0131ndan 17 galibiyette kald\u0131. Ma\u00e7a Nando De Colo, Lorenzo Brown, Edgaras Ulanovas, Ahmet D\u00fcverio\u011flu ve Jan Vesely be\u015fiyle ba\u015flayan Tak\u0131m\u0131m\u0131z, \u00e7eyre\u011fi 18-10 geride kapatt\u0131. \u0130kinci [&hellip;]<\/p>\n","protected":false},"author":1,"featured_media":12746,"comment_status":"closed","ping_status":"closed","sticky":false,"template":"","format":"standard","meta":{"jnews-multi-image_gallery":[],"jnews_single_post":{"subtitle":"Fenerbah\u00e7e Erkek Basketbol Tak\u0131m\u0131m\u0131z, Turkish Airlines EuroLeague 29. hafta ma\u00e7\u0131nda deplasmanda Valencia Basket ile oynad\u0131\u011f\u0131 m\u00fccadeleden 66-52 ma\u011flup ayr\u0131ld\u0131.","format":"standard","video":"","gallery":"","source_name":"","source_url":"","via_name":"","via_url":"","override":[{"single_blog_custom":"","sidebar":"","second_sidebar":"","share_position":"","share_float_style":"","post_date_format":"","post_date_format_custom":"","post_reading_time_wpm":"","zoom_button_out_step":"1","zoom_button_in_step":"1","number_popup_post":"1"}],"image_override":[{"single_post_thumbnail_size":"","single_post_gallery_size":""}],"trending_post_position":"","trending_post_label":"","sponsored_post_label":"","sponsored_post_name":"","sponsored_post_url":"","sponsored_post_logo":"","sponsored_post_desc":""},"jnews_primary_category":{"id":"5"},"jnews_social_meta":{"fb_title":"","fb_description":"","fb_image":"","twitter_title":"","twitter_description":"","twitter_image":""},"jnews_override_counter":{"view_counter_number":"0","share_counter_number":"0","like_counter_number":"0","dislike_counter_number":"0"},"footnotes":""},"categories":[5,6,2],"tags":[24,74,23],"class_list":["post-12745","post","type-post","status-publish","format-standard","has-post-thumbnail","hentry","category-basketbol","category-erkek-basketbol","category-haberler","tag-basketbol","tag-euroleague","tag-fenerbahce"],"amp_enabled":true,"_links":{"self":[{"href":"https:\/\/www.fener.org\/index.php\/wp-json\/wp\/v2\/posts\/12745","targetHints":{"allow":["GET"]}}],"collection":[{"href":"https:\/\/www.fener.org\/index.php\/wp-json\/wp\/v2\/posts"}],"about":[{"href":"https:\/\/www.fener.org\/index.php\/wp-json\/wp\/v2\/types\/post"}],"author":[{"embeddable":true,"href":"https:\/\/www.fener.org\/index.php\/wp-json\/wp\/v2\/users\/1"}],"replies":[{"embeddable":true,"href":"https:\/\/www.fener.org\/index.php\/wp-json\/wp\/v2\/comments?post=12745"}],"version-history":[{"count":2,"href":"https:\/\/www.fener.org\/index.php\/wp-json\/wp\/v2\/posts\/12745\/revisions"}],"predecessor-version":[{"id":12748,"href":"https:\/\/www.fener.org\/index.php\/wp-json\/wp\/v2\/posts\/12745\/revisions\/12748"}],"wp:featuredmedia":[{"embeddable":true,"href":"https:\/\/www.fener.org\/index.php\/wp-json\/wp\/v2\/media\/12746"}],"wp:attachment":[{"href":"https:\/\/www.fener.org\/index.php\/wp-json\/wp\/v2\/media?parent=12745"}],"wp:term":[{"taxonomy":"category","embeddable":true,"href":"https:\/\/www.fener.org\/index.php\/wp-json\/wp\/v2\/categories?post=12745"},{"taxonomy":"post_tag","embeddable":true,"href":"https:\/\/www.fener.org\/index.php\/wp-json\/wp\/v2\/tags?post=12745"}],"curies":[{"name":"wp","href":"https:\/\/api.w.org\/{rel}","templated":true}]}}