{"id":12408,"date":"2021-02-05T08:48:19","date_gmt":"2021-02-05T05:48:19","guid":{"rendered":"https:\/\/www.fener.org\/?p=12408"},"modified":"2021-02-05T08:48:29","modified_gmt":"2021-02-05T05:48:29","slug":"kaptanimiz-eda-fivb-tarafindan-tarihin-en-iyi-100-oyuncusu-listesine-secildi","status":"publish","type":"post","link":"https:\/\/www.fener.org\/index.php\/2021\/02\/05\/kaptanimiz-eda-fivb-tarafindan-tarihin-en-iyi-100-oyuncusu-listesine-secildi\/","title":{"rendered":"Kaptan\u0131m\u0131z Eda, FIVB taraf\u0131ndan \u2018Tarihin En \u0130yi 100 Oyuncusu\u2019 listesine se\u00e7ildi"},"content":{"rendered":"\n<p>Fenerbah\u00e7e Opet Kad\u0131n Voleybol Tak\u0131m\u0131m\u0131z ile A Milli Kad\u0131n Voleybol Tak\u0131m\u0131m\u0131z\u0131n kaptan\u0131 Eda Erdem D\u00fcndar, Uluslararas\u0131 Voleybol Federasyonu FIVB taraf\u0131ndan &#8216;Tarihin En \u0130yi 100 Oyuncusu&#8217; listesine se\u00e7ildi.<br>\u00a0<br>FIVB&#8217;nin resmi internet sitesinde \u201cSahada, denizde ve hayatta hep d\u00fcmenin ba\u015f\u0131nda\u201d ba\u015fl\u0131\u011f\u0131yla duyurulan haberde Eda Erdem D\u00fcndar&#8217;\u0131n ba\u015far\u0131lar\u0131na yer verildi.<br>\u00a0<br>2008 y\u0131l\u0131nda Fenerbah\u00e7e Spor Kul\u00fcb\u00fc&#8217;ne geldikten sonra b\u00fcy\u00fck bir s\u0131\u00e7rama ya\u015fad\u0131\u011f\u0131 kaydedilen deneyimli oyuncudan \u00f6vg\u00fcyle bahsedildi.<br>\u00a0<br>Sar\u0131 lacivertli formayla ya\u015fad\u0131\u011f\u0131 D\u00fcnya Kul\u00fcpler Kupas\u0131 \u015eampiyonlu\u011fu, Ay y\u0131ld\u0131zl\u0131 formayla 3 kez kazand\u0131\u011f\u0131 Avrupa \u015eampiyonas\u0131 ikincilik ve \u00fc\u00e7\u00fcnc\u00fcl\u00fck madalyalar\u0131 ile 2018&#8217;de Milletler Ligi&#8217;nde en iyi orta oyuncu se\u00e7ilmesine yer verildi.<br>\u00a0<br>Ayr\u0131ca haberde kaptan Eda Erdem D\u00fcndar&#8217;\u0131n hem denize olan tutkusundan hem de Birle\u015fmi\u015f Milletler D\u00fcnya K\u0131z \u00c7ocuklar\u0131 G\u00fcn\u00fc&#8217;ne verdi\u011fi destekten bahsedilerek sosyal y\u00f6n\u00fc vurguland\u0131.<\/p>\n","protected":false},"excerpt":{"rendered":"<p>Fenerbah\u00e7e Opet Kad\u0131n Voleybol Tak\u0131m\u0131m\u0131z ile A Milli Kad\u0131n Voleybol Tak\u0131m\u0131m\u0131z\u0131n kaptan\u0131 Eda Erdem D\u00fcndar, Uluslararas\u0131 Voleybol Federasyonu FIVB taraf\u0131ndan &#8216;Tarihin En \u0130yi 100 Oyuncusu&#8217; listesine se\u00e7ildi.\u00a0FIVB&#8217;nin resmi internet sitesinde \u201cSahada, denizde ve hayatta hep d\u00fcmenin ba\u015f\u0131nda\u201d ba\u015fl\u0131\u011f\u0131yla duyurulan haberde Eda Erdem D\u00fcndar&#8217;\u0131n ba\u015far\u0131lar\u0131na yer verildi.\u00a02008 y\u0131l\u0131nda Fenerbah\u00e7e Spor Kul\u00fcb\u00fc&#8217;ne geldikten sonra b\u00fcy\u00fck bir s\u0131\u00e7rama [&hellip;]<\/p>\n","protected":false},"author":1,"featured_media":11300,"comment_status":"closed","ping_status":"closed","sticky":false,"template":"","format":"standard","meta":{"jnews-multi-image_gallery":[],"jnews_single_post":{"subtitle":"Fenerbah\u00e7e Kad\u0131n Voleybol Tak\u0131m\u0131m\u0131z\u0131n Kaptan\u0131 Eda Erdem D\u00fcndar, FIVB taraf\u0131ndan \u2018Tarihin En \u0130yi 100 Oyuncusu\u2019 listesine se\u00e7ildi.","format":"standard","video":"","gallery":"","source_name":"","source_url":"","via_name":"","via_url":"","override":[{"single_blog_custom":"","sidebar":"","second_sidebar":"","share_position":"","share_float_style":"","post_date_format":"","post_date_format_custom":"","post_reading_time_wpm":"","zoom_button_out_step":"1","zoom_button_in_step":"1","number_popup_post":"1"}],"image_override":[{"single_post_thumbnail_size":"","single_post_gallery_size":""}],"trending_post_position":"","trending_post_label":"","sponsored_post_label":"","sponsored_post_name":"","sponsored_post_url":"","sponsored_post_logo":"","sponsored_post_desc":""},"jnews_primary_category":{"id":"8"},"jnews_social_meta":{"fb_title":"","fb_description":"","fb_image":"","twitter_title":"","twitter_description":"","twitter_image":""},"jnews_override_counter":{"view_counter_number":"0","share_counter_number":"0","like_counter_number":"0","dislike_counter_number":"0"},"footnotes":""},"categories":[2,10,8],"tags":[23,29],"class_list":["post-12408","post","type-post","status-publish","format-standard","has-post-thumbnail","hentry","category-haberler","category-kadin-voleybol","category-voleybol","tag-fenerbahce","tag-voleybol"],"amp_enabled":true,"_links":{"self":[{"href":"https:\/\/www.fener.org\/index.php\/wp-json\/wp\/v2\/posts\/12408","targetHints":{"allow":["GET"]}}],"collection":[{"href":"https:\/\/www.fener.org\/index.php\/wp-json\/wp\/v2\/posts"}],"about":[{"href":"https:\/\/www.fener.org\/index.php\/wp-json\/wp\/v2\/types\/post"}],"author":[{"embeddable":true,"href":"https:\/\/www.fener.org\/index.php\/wp-json\/wp\/v2\/users\/1"}],"replies":[{"embeddable":true,"href":"https:\/\/www.fener.org\/index.php\/wp-json\/wp\/v2\/comments?post=12408"}],"version-history":[{"count":1,"href":"https:\/\/www.fener.org\/index.php\/wp-json\/wp\/v2\/posts\/12408\/revisions"}],"predecessor-version":[{"id":12409,"href":"https:\/\/www.fener.org\/index.php\/wp-json\/wp\/v2\/posts\/12408\/revisions\/12409"}],"wp:featuredmedia":[{"embeddable":true,"href":"https:\/\/www.fener.org\/index.php\/wp-json\/wp\/v2\/media\/11300"}],"wp:attachment":[{"href":"https:\/\/www.fener.org\/index.php\/wp-json\/wp\/v2\/media?parent=12408"}],"wp:term":[{"taxonomy":"category","embeddable":true,"href":"https:\/\/www.fener.org\/index.php\/wp-json\/wp\/v2\/categories?post=12408"},{"taxonomy":"post_tag","embeddable":true,"href":"https:\/\/www.fener.org\/index.php\/wp-json\/wp\/v2\/tags?post=12408"}],"curies":[{"name":"wp","href":"https:\/\/api.w.org\/{rel}","templated":true}]}}