{"id":12221,"date":"2021-01-22T15:14:22","date_gmt":"2021-01-22T12:14:22","guid":{"rendered":"https:\/\/www.fener.org\/?p=12221"},"modified":"2021-01-22T15:14:35","modified_gmt":"2021-01-22T12:14:35","slug":"marcel-tisserandin-adelesinde-yirtik-tespit-edildi","status":"publish","type":"post","link":"https:\/\/www.fener.org\/index.php\/2021\/01\/22\/marcel-tisserandin-adelesinde-yirtik-tespit-edildi\/","title":{"rendered":"Marcel Tisserand&#8217;\u0131n adelesinde y\u0131rt\u0131k tespit edildi"},"content":{"rendered":"\n<p>Fenerbah\u00e7e&#8217;de Marcel Tisserand&#8217;\u0131n adalesinde y\u0131rt\u0131k tespit edildi.<\/p>\n\n\n\n<p>28 ya\u015f\u0131ndaki stoper, Fenerbah\u00e7e&#8217;nin Demir Grup Sivasspor&#8217;a konuk oldu\u011fu ma\u00e7\u0131n 8. dakikas\u0131nda sakatlanm\u0131\u015ft\u0131. Oyuncumuzun \u00e7ekilen MR&#8217;\u0131nda arka \u00fcst adalesinde 2. derece y\u0131rt\u0131k tespit edildi.<\/p>\n\n\n\n<p>Tisserand&#8217;\u0131n 2 hafta sahalardan uzak kalmas\u0131 bekleniyor.<\/p>\n\n\n\n<p>Fenerbah\u00e7e bu s\u00fcre\u00e7te, Kayserispor, \u00c7aykur Rizespor ve Hatayspor&#8217;la kar\u015f\u0131la\u015facak.<\/p>\n","protected":false},"excerpt":{"rendered":"<p>Fenerbah\u00e7e&#8217;de Marcel Tisserand&#8217;\u0131n adalesinde y\u0131rt\u0131k tespit edildi. 28 ya\u015f\u0131ndaki stoper, Fenerbah\u00e7e&#8217;nin Demir Grup Sivasspor&#8217;a konuk oldu\u011fu ma\u00e7\u0131n 8. dakikas\u0131nda sakatlanm\u0131\u015ft\u0131. Oyuncumuzun \u00e7ekilen MR&#8217;\u0131nda arka \u00fcst adalesinde 2. derece y\u0131rt\u0131k tespit edildi. Tisserand&#8217;\u0131n 2 hafta sahalardan uzak kalmas\u0131 bekleniyor. Fenerbah\u00e7e bu s\u00fcre\u00e7te, Kayserispor, \u00c7aykur Rizespor ve Hatayspor&#8217;la kar\u015f\u0131la\u015facak.<\/p>\n","protected":false},"author":1,"featured_media":12222,"comment_status":"closed","ping_status":"closed","sticky":false,"template":"","format":"standard","meta":{"jnews-multi-image_gallery":[],"jnews_single_post":{"subtitle":"Fenerbah\u00e7e'de Marcel Tisserand'\u0131n adalesinde y\u0131rt\u0131k tespit edildi.","format":"standard","video":"","gallery":"","source_name":"","source_url":"","via_name":"","via_url":"","override":[{"single_blog_custom":"","sidebar":"","second_sidebar":"","share_position":"","share_float_style":"","post_date_format":"","post_date_format_custom":"","post_reading_time_wpm":"","zoom_button_out_step":"1","zoom_button_in_step":"1","number_popup_post":"1"}],"image_override":[{"single_post_thumbnail_size":"","single_post_gallery_size":""}],"trending_post_position":"","trending_post_label":"","sponsored_post_label":"","sponsored_post_name":"","sponsored_post_url":"","sponsored_post_logo":"","sponsored_post_desc":""},"jnews_primary_category":{"id":"4"},"jnews_social_meta":{"fb_title":"","fb_description":"","fb_image":"","twitter_title":"","twitter_description":"","twitter_image":""},"jnews_override_counter":{"view_counter_number":"0","share_counter_number":"0","like_counter_number":"0","dislike_counter_number":"0"},"footnotes":""},"categories":[4,2,47],"tags":[23,54],"class_list":["post-12221","post","type-post","status-publish","format-standard","has-post-thumbnail","hentry","category-futbol","category-haberler","category-profesyonel-a-futbol-takimi","tag-fenerbahce","tag-futbol"],"amp_enabled":true,"_links":{"self":[{"href":"https:\/\/www.fener.org\/index.php\/wp-json\/wp\/v2\/posts\/12221","targetHints":{"allow":["GET"]}}],"collection":[{"href":"https:\/\/www.fener.org\/index.php\/wp-json\/wp\/v2\/posts"}],"about":[{"href":"https:\/\/www.fener.org\/index.php\/wp-json\/wp\/v2\/types\/post"}],"author":[{"embeddable":true,"href":"https:\/\/www.fener.org\/index.php\/wp-json\/wp\/v2\/users\/1"}],"replies":[{"embeddable":true,"href":"https:\/\/www.fener.org\/index.php\/wp-json\/wp\/v2\/comments?post=12221"}],"version-history":[{"count":2,"href":"https:\/\/www.fener.org\/index.php\/wp-json\/wp\/v2\/posts\/12221\/revisions"}],"predecessor-version":[{"id":12224,"href":"https:\/\/www.fener.org\/index.php\/wp-json\/wp\/v2\/posts\/12221\/revisions\/12224"}],"wp:featuredmedia":[{"embeddable":true,"href":"https:\/\/www.fener.org\/index.php\/wp-json\/wp\/v2\/media\/12222"}],"wp:attachment":[{"href":"https:\/\/www.fener.org\/index.php\/wp-json\/wp\/v2\/media?parent=12221"}],"wp:term":[{"taxonomy":"category","embeddable":true,"href":"https:\/\/www.fener.org\/index.php\/wp-json\/wp\/v2\/categories?post=12221"},{"taxonomy":"post_tag","embeddable":true,"href":"https:\/\/www.fener.org\/index.php\/wp-json\/wp\/v2\/tags?post=12221"}],"curies":[{"name":"wp","href":"https:\/\/api.w.org\/{rel}","templated":true}]}}