{"id":12171,"date":"2021-01-18T10:38:35","date_gmt":"2021-01-18T07:38:35","guid":{"rendered":"https:\/\/www.fener.org\/?p=12171"},"modified":"2021-01-18T10:41:44","modified_gmt":"2021-01-18T07:41:44","slug":"fenerbahcez-ankaragucunu-agirliyor","status":"publish","type":"post","link":"https:\/\/www.fener.org\/index.php\/2021\/01\/18\/fenerbahcez-ankaragucunu-agirliyor\/","title":{"rendered":"Fenerbah\u00e7e, Ankarag\u00fcc\u00fc\u2019n\u00fc a\u011f\u0131rl\u0131yor"},"content":{"rendered":"\n<p>Fenerbah\u00e7emiz, S\u00fcper Lig&#8217;in 19. haftas\u0131nda bug\u00fcn (18 Ocak Pazartesi g\u00fcn\u00fc) MKE Ankarag\u00fcc\u00fc\u2019n\u00fc konuk ediyor. \u00dclker Stadyumu Fenerbah\u00e7e \u015e\u00fckr\u00fc Saraco\u011flu Spor Kompleksi\u2019nde oynanacak ve saat 19.00&#8217;da ba\u015flayacak kar\u015f\u0131la\u015fmay\u0131, hakem Arda Karde\u015fler y\u00f6netecek.<\/p>\n\n\n\n<p>Ligde son 4 ma\u00e7\u0131n\u0131 kazanan ve Ziraat T\u00fcrkiye Kupas\u0131&#8217;nda ad\u0131n\u0131 \u00e7eyrek finale yazd\u0131ran Tak\u0131m\u0131m\u0131z, haftaya 35 puan ve averajla ikinci s\u0131rada girdi. Erol Bulut&#8217;un \u00f6\u011frencileri, rakibini ma\u011flup ederek galibiyet serisini s\u00fcrd\u00fcrmek istiyor.<\/p>\n\n\n\n<p>4 galibiyeti, 3 beraberli\u011fi ve 10 ma\u011flubiyeti bulunan MKE Ankarag\u00fcc\u00fc ise 15 puanla 19. basamakta bulunuyor.<\/p>\n\n\n\n<p>Kar\u015f\u0131la\u015fmay\u0131 hakem Arda Karde\u015fler y\u00f6netecek. Karde\u015fler\u2019in yard\u0131mc\u0131l\u0131klar\u0131n\u0131 Ali Sayg\u0131n \u00d6gel ve Erdem Bay\u0131k yapacak. Kar\u015f\u0131la\u015fman\u0131n 4. hakemi ise Kutluhan Bilgi\u00e7.<\/p>\n\n\n\n<p>\u0130ki tak\u0131m aras\u0131nda geride kalan 102 lig ma\u00e7\u0131nda Fenerbah\u00e7e&#8217;nin galibiyet say\u0131s\u0131nda 64-11 gibi b\u00fcy\u00fck bir \u00fcst\u00fcnl\u00fc\u011f\u00fc g\u00f6ze \u00e7arp\u0131yor. Renkta\u015flar, 27 ma\u00e7ta ise e\u015fitli\u011fi bozamad\u0131. Fenerbah\u00e7e&#8217;nin ligde att\u0131\u011f\u0131 188 gole, ba\u015fkentin sar\u0131-lacivertli ekibi 69 golle kar\u015f\u0131l\u0131k verdi.<\/p>\n\n\n\n<p>Fenerbah\u00e7e ile MKE Ankarag\u00fcc\u00fc, ligde \u015fimdiye dek \u0130stanbul&#8217;da 51 kez kar\u015f\u0131la\u015ft\u0131. Evinde 37 kez kazanan Fenerbah\u00e7e, rakibine sadece 4 kez ma\u011flup oldu. \u0130stanbul&#8217;daki 10 ma\u00e7ta e\u015fitlik bozulmad\u0131; Fenerbah\u00e7e 114, MKE Ankarag\u00fcc\u00fc ise 37 gol att\u0131. Ge\u00e7en sezonun ilk yar\u0131s\u0131nda \u0130stanbul&#8217;da oynanan kar\u015f\u0131la\u015fmay\u0131 ev sahibi ekip 2-1 kazanm\u0131\u015ft\u0131.<\/p>\n\n\n\n<p>Fenerbah\u00e7e, MKE Ankarag\u00fcc\u00fc kar\u015f\u0131s\u0131nda en farkl\u0131 skorlu galibiyetini 2010-2011 sezonunda \u0130stanbul&#8217;da 6-0&#8217;l\u0131k skorla elde etti. MKE Ankarag\u00fcc\u00fc ise Fenerbah\u00e7e kar\u015f\u0131s\u0131nda ligde \u015fimdiye dek en farkl\u0131 galibiyetini 2018-2019 sezonunun ilk yar\u0131s\u0131nda \u0130stanbul&#8217;da 3-1&#8217;lik skorla ald\u0131.<\/p>\n\n\n\n<p>Fenerbah\u00e7e, MKE Ankarag\u00fcc\u00fc kar\u015f\u0131s\u0131na 7 oyuncusundan yoksun \u00e7\u0131kacak.<\/p>\n\n\n\n<p>Sar\u0131-lacivertlilerde sakatl\u0131klar\u0131 bulunan Sinan G\u00fcm\u00fc\u015f, Diego Perotti, Tolga Ci\u011ferci, G\u00f6khan G\u00f6n\u00fcl ve Sad\u0131k \u00c7iftp\u0131nar&#8217;\u0131n yan\u0131 s\u0131ra cezal\u0131 durumdaki Mert Hakan Yanda\u015f ve Caner Erkin, bu \u00f6nemli m\u00fccadelede tak\u0131mlar\u0131n\u0131 yaln\u0131z b\u0131rakacak.<\/p>\n\n\n\n<p>Bu oyuncular\u0131n yan\u0131 s\u0131ra \u00d6mer Faruk Beyaz&#8217;\u0131n da kadroda bulunmas\u0131 beklenmiyor.<\/p>\n","protected":false},"excerpt":{"rendered":"<p>Fenerbah\u00e7emiz, S\u00fcper Lig&#8217;in 19. haftas\u0131nda bug\u00fcn (18 Ocak Pazartesi g\u00fcn\u00fc) MKE Ankarag\u00fcc\u00fc\u2019n\u00fc konuk ediyor. \u00dclker Stadyumu Fenerbah\u00e7e \u015e\u00fckr\u00fc Saraco\u011flu Spor Kompleksi\u2019nde oynanacak ve saat 19.00&#8217;da ba\u015flayacak kar\u015f\u0131la\u015fmay\u0131, hakem Arda Karde\u015fler y\u00f6netecek. Ligde son 4 ma\u00e7\u0131n\u0131 kazanan ve Ziraat T\u00fcrkiye Kupas\u0131&#8217;nda ad\u0131n\u0131 \u00e7eyrek finale yazd\u0131ran Tak\u0131m\u0131m\u0131z, haftaya 35 puan ve averajla ikinci s\u0131rada girdi. Erol Bulut&#8217;un [&hellip;]<\/p>\n","protected":false},"author":1,"featured_media":11418,"comment_status":"closed","ping_status":"closed","sticky":false,"template":"","format":"standard","meta":{"jnews-multi-image_gallery":[],"jnews_single_post":{"subtitle":"Fenerbah\u00e7e, S\u00fcper Lig'in 19. haftas\u0131nda sahas\u0131nda MKE Ankarag\u00fcc\u00fc ile m\u00fccadele edecek.","format":"standard","video":"","gallery":"","source_name":"","source_url":"","via_name":"","via_url":"","override":[{"single_blog_custom":"","sidebar":"","second_sidebar":"","share_position":"","share_float_style":"","post_date_format":"","post_date_format_custom":"","post_reading_time_wpm":"","zoom_button_out_step":"1","zoom_button_in_step":"1","number_popup_post":"1"}],"image_override":[{"single_post_thumbnail_size":"","single_post_gallery_size":""}],"trending_post_position":"","trending_post_label":"","sponsored_post_label":"","sponsored_post_name":"","sponsored_post_url":"","sponsored_post_logo":"","sponsored_post_desc":""},"jnews_primary_category":{"id":"4"},"jnews_social_meta":{"fb_title":"","fb_description":"","fb_image":"","twitter_title":"","twitter_description":"","twitter_image":""},"jnews_override_counter":{"view_counter_number":"0","share_counter_number":"0","like_counter_number":"0","dislike_counter_number":"0"},"footnotes":""},"categories":[4,2,47],"tags":[23,62,54],"class_list":["post-12171","post","type-post","status-publish","format-standard","has-post-thumbnail","hentry","category-futbol","category-haberler","category-profesyonel-a-futbol-takimi","tag-fenerbahce","tag-fenerinmacivar","tag-futbol"],"amp_enabled":true,"_links":{"self":[{"href":"https:\/\/www.fener.org\/index.php\/wp-json\/wp\/v2\/posts\/12171","targetHints":{"allow":["GET"]}}],"collection":[{"href":"https:\/\/www.fener.org\/index.php\/wp-json\/wp\/v2\/posts"}],"about":[{"href":"https:\/\/www.fener.org\/index.php\/wp-json\/wp\/v2\/types\/post"}],"author":[{"embeddable":true,"href":"https:\/\/www.fener.org\/index.php\/wp-json\/wp\/v2\/users\/1"}],"replies":[{"embeddable":true,"href":"https:\/\/www.fener.org\/index.php\/wp-json\/wp\/v2\/comments?post=12171"}],"version-history":[{"count":2,"href":"https:\/\/www.fener.org\/index.php\/wp-json\/wp\/v2\/posts\/12171\/revisions"}],"predecessor-version":[{"id":12173,"href":"https:\/\/www.fener.org\/index.php\/wp-json\/wp\/v2\/posts\/12171\/revisions\/12173"}],"wp:featuredmedia":[{"embeddable":true,"href":"https:\/\/www.fener.org\/index.php\/wp-json\/wp\/v2\/media\/11418"}],"wp:attachment":[{"href":"https:\/\/www.fener.org\/index.php\/wp-json\/wp\/v2\/media?parent=12171"}],"wp:term":[{"taxonomy":"category","embeddable":true,"href":"https:\/\/www.fener.org\/index.php\/wp-json\/wp\/v2\/categories?post=12171"},{"taxonomy":"post_tag","embeddable":true,"href":"https:\/\/www.fener.org\/index.php\/wp-json\/wp\/v2\/tags?post=12171"}],"curies":[{"name":"wp","href":"https:\/\/api.w.org\/{rel}","templated":true}]}}