{"id":1217,"date":"2018-09-15T22:46:11","date_gmt":"2018-09-15T19:46:11","guid":{"rendered":"https:\/\/fener.org\/xwebsites\/wp\/fener\/?p=1217"},"modified":"2018-09-15T22:46:11","modified_gmt":"2018-09-15T19:46:11","slug":"boksorlerimizden-9-madalya","status":"publish","type":"post","link":"https:\/\/www.fener.org\/index.php\/2018\/09\/15\/boksorlerimizden-9-madalya\/","title":{"rendered":"Boks\u00f6rlerimizden 9 madalya"},"content":{"rendered":"<p>32. Uluslararas\u0131 Ahmet C\u00f6mert Boks Turnuvas\u0131\u2019nda milli forma alt\u0131nda ringe \u00e7\u0131kan Fenerbah\u00e7eli boks\u00f6rler, 2&#8217;si alt\u0131n, 3&#8217;\u00fc g\u00fcm\u00fc\u015f ve 4&#8217;\u00fc bronz madalya olmak \u00fczere toplamda 9 madalyan\u0131n sahibi oldular.<\/p>\n<p>10-15 Eyl\u00fcl tarihleri aras\u0131nda Ahmet C\u00f6mert Spor Salonu&#8217;nun ev sahipli\u011finde yap\u0131lan turnuvada ringe \u00e7\u0131kan boks\u00f6rlerimizden 75 kiloda Serhat G\u00fcler ile +81 kiloda \u015eennur Demir alt\u0131n madalyan\u0131n sahibi oldu. 64 kiloda Muhammed G\u00fcltekin, 48 kiloda Ay\u015fe \u00c7a\u011f\u0131r\u0131r ve 60 kiloda Esra Y\u0131ld\u0131z g\u00fcm\u00fc\u015f madalya kazan\u0131rken, 49 kiloda Ramazan \u00d6zbu\u011fanl\u0131, 56 kiloda Ali \u0130hsan Alaga\u015f, 69 kiloda Ramazan Esen ve 57 kiloda Dil\u015fah Kurt bronz madalyada kald\u0131.<\/p>\n<p>T\u00fcrkiye erkeklerde 3 alt\u0131n, 6 g\u00fcm\u00fc\u015f ve 10 bronz madalya kazand\u0131. Kad\u0131nlarda ise 3 alt\u0131n, 4 g\u00fcm\u00fc\u015f ve 5 bronz madalya ile turnuvay\u0131 tamamlad\u0131. Toplamda 31 madalya kazanan milliler turnuvay\u0131 tak\u0131m halinde birinci s\u0131rada tamamlad\u0131. Tak\u0131mlar s\u0131ralamas\u0131nda Hindistan ikinci, \u0130ngiltere \u00fc\u00e7\u00fcnc\u00fc oldu.<\/p>\n","protected":false},"excerpt":{"rendered":"<p>32. Uluslararas\u0131 Ahmet C\u00f6mert Boks Turnuvas\u0131\u2019nda milli forma alt\u0131nda ringe \u00e7\u0131kan Fenerbah\u00e7eli boks\u00f6rler, 2&#8217;si alt\u0131n, 3&#8217;\u00fc g\u00fcm\u00fc\u015f ve 4&#8217;\u00fc bronz madalya olmak \u00fczere toplamda 9 madalyan\u0131n sahibi oldular. 10-15 Eyl\u00fcl tarihleri aras\u0131nda Ahmet C\u00f6mert Spor Salonu&#8217;nun ev sahipli\u011finde yap\u0131lan turnuvada ringe \u00e7\u0131kan boks\u00f6rlerimizden 75 kiloda Serhat G\u00fcler ile +81 kiloda \u015eennur Demir alt\u0131n madalyan\u0131n sahibi [&hellip;]<\/p>\n","protected":false},"author":1,"featured_media":1218,"comment_status":"open","ping_status":"open","sticky":false,"template":"","format":"standard","meta":{"jnews-multi-image_gallery":[],"jnews_single_post":{"override_template":"0","override":[{"template":"1","single_blog_custom":"","parallax":"1","fullscreen":"0","layout":"right-sidebar","sidebar":"default-sidebar","second_sidebar":"default-sidebar","sticky_sidebar":"1","share_position":"top","share_float_style":"share-monocrhome","show_share_counter":"1","show_view_counter":"1","show_featured":"1","show_post_meta":"1","show_post_author":"1","show_post_author_image":"1","show_post_date":"1","post_date_format":"default","post_date_format_custom":"Y\/m\/d","show_post_category":"1","show_post_tag":"1","show_prev_next_post":"1","show_popup_post":"1","number_popup_post":"1","show_author_box":"0","show_post_related":"1","show_inline_post_related":"0"}],"override_image_size":"0","image_override":[{"single_post_thumbnail_size":"crop-500","single_post_gallery_size":"crop-500"}],"trending_post":"0","trending_post_position":"meta","trending_post_label":"Trending"},"jnews_primary_category":{"id":"15"},"jnews_social_meta":[],"jnews_override_counter":[],"footnotes":""},"categories":[15,2],"tags":[],"class_list":["post-1217","post","type-post","status-publish","format-standard","has-post-thumbnail","hentry","category-boks","category-haberler"],"amp_enabled":true,"_links":{"self":[{"href":"https:\/\/www.fener.org\/index.php\/wp-json\/wp\/v2\/posts\/1217","targetHints":{"allow":["GET"]}}],"collection":[{"href":"https:\/\/www.fener.org\/index.php\/wp-json\/wp\/v2\/posts"}],"about":[{"href":"https:\/\/www.fener.org\/index.php\/wp-json\/wp\/v2\/types\/post"}],"author":[{"embeddable":true,"href":"https:\/\/www.fener.org\/index.php\/wp-json\/wp\/v2\/users\/1"}],"replies":[{"embeddable":true,"href":"https:\/\/www.fener.org\/index.php\/wp-json\/wp\/v2\/comments?post=1217"}],"version-history":[{"count":1,"href":"https:\/\/www.fener.org\/index.php\/wp-json\/wp\/v2\/posts\/1217\/revisions"}],"predecessor-version":[{"id":1219,"href":"https:\/\/www.fener.org\/index.php\/wp-json\/wp\/v2\/posts\/1217\/revisions\/1219"}],"wp:featuredmedia":[{"embeddable":true,"href":"https:\/\/www.fener.org\/index.php\/wp-json\/wp\/v2\/media\/1218"}],"wp:attachment":[{"href":"https:\/\/www.fener.org\/index.php\/wp-json\/wp\/v2\/media?parent=1217"}],"wp:term":[{"taxonomy":"category","embeddable":true,"href":"https:\/\/www.fener.org\/index.php\/wp-json\/wp\/v2\/categories?post=1217"},{"taxonomy":"post_tag","embeddable":true,"href":"https:\/\/www.fener.org\/index.php\/wp-json\/wp\/v2\/tags?post=1217"}],"curies":[{"name":"wp","href":"https:\/\/api.w.org\/{rel}","templated":true}]}}