{"id":11801,"date":"2020-12-09T00:13:46","date_gmt":"2020-12-08T21:13:46","guid":{"rendered":"https:\/\/www.fener.org\/?p=11801"},"modified":"2020-12-09T00:13:56","modified_gmt":"2020-12-08T21:13:56","slug":"fenerbahce-opet-3-0-nantes","status":"publish","type":"post","link":"https:\/\/www.fener.org\/index.php\/2020\/12\/09\/fenerbahce-opet-3-0-nantes\/","title":{"rendered":"Fenerbah\u00e7e Opet 3-0 Nantes"},"content":{"rendered":"\n<p>Fenerbah\u00e7e Opet Kad\u0131n Voleybol Tak\u0131m\u0131m\u0131z, CEV Kad\u0131nlar \u015eampiyonlar Ligi B Grubu ilk ma\u00e7\u0131nda Fransa temsilcisi Nantes ile kar\u015f\u0131la\u015ft\u0131. Sar\u0131 Melekler setlerini; 25-16, 25-18, 25-15 \u00f6nde tamamlad\u0131\u011f\u0131 ma\u00e7\u0131 3-0 kazand\u0131 ve \u015eampiyonlar Ligi\u2019ne galibiyetle ba\u015flad\u0131.<\/p>\n\n\n\n<p>Fenerbah\u00e7e Opet\u2019in yer ald\u0131\u011f\u0131 grupta ilk devre kar\u015f\u0131la\u015fmalar\u0131 COVID-19 tedbirleri kapsam\u0131nda \u0130talya&#8217;n\u0131n Conegliano tak\u0131m\u0131n\u0131n ev sahipli\u011finde oynan\u0131yor. Sar\u0131 Melekler gruptaki di\u011fer ma\u00e7\u0131nda 9 Aral\u0131k \u00c7ar\u015famba g\u00fcn\u00fc Slovenya&#8217;n\u0131n Kammik tak\u0131m\u0131yla kar\u015f\u0131la\u015facak. M\u00fccadele TS\u0130 22.30\u2019da ba\u015flayacak.<\/p>\n\n\n\n<p>Tak\u0131m\u0131m\u0131z, Palaverde Spor Salonu\u2019nda oynanan kar\u015f\u0131la\u015fmaya; Eda Erdem D\u00fcndar, Naz Aydemir Akyol, Dicle Nur Babat, Brankica Mihajlovic, Melissa Vargas, Bianka Busa alt\u0131s\u0131 ve libero Melis Y\u0131lmaz\u2019la ba\u015flad\u0131.<\/p>\n\n\n\n<p>Fenerbah\u00e7e Opet\u2019in 5-1\u2019lik serisiyle ba\u015flayan m\u00fccadelede Frans\u0131z ekibinin 2 say\u0131l\u0131k serisiyle skor 3-5\u2019e geldi. 8-3\u2019te gelen moladan sonra fark\u0131 koruyan Sar\u0131 Melekler h\u00fccumda Vargas, Mihajlovic ve Dicle\u2019yle ritim buldu ve Eda\u2019n\u0131n say\u0131s\u0131n\u0131n ard\u0131ndan fark\u0131 7 say\u0131ya y\u00fckselterek rakibine mola ald\u0131rd\u0131: 17-10. Kalan b\u00f6l\u00fcmde hatas\u0131z oynayan ekibimiz seti 25-16 kazand\u0131.<\/p>\n\n\n\n<p>Kar\u015f\u0131l\u0131kl\u0131 say\u0131larla ba\u015flayan ikinci sette 5-4\u2019le skor avantaj\u0131n\u0131 yakalayan Fenerbah\u00e7e Opet, Vargas\u2019\u0131n servis, Mihajlovic\u2019in h\u00fccum say\u0131lar\u0131yla fark\u0131 3 say\u0131ya y\u00fckseltti. 7-7 e\u015fitli\u011fin ard\u0131ndan bloklarla fark\u0131 tekrar a\u00e7an Sar\u0131 Melekler, 12-8\u2019de rakibine mola ald\u0131rd\u0131. Mola d\u00f6n\u00fc\u015f\u00fc uzun rallilerin yer ald\u0131\u011f\u0131 \u00e7eki\u015fmeli ge\u00e7en oyunda skor 20-16\u2019ya gelince Fransa temsilcisinden bir mola daha geldi. Bu molan\u0131n ard\u0131ndan 3 say\u0131l\u0131k seriyle fark\u0131 7 say\u0131ya kadar y\u00fckselten ekibimiz, son b\u00f6l\u00fcm\u00fc rahat oynad\u0131 ve ikinci seti 25-18 kazand\u0131.<\/p>\n\n\n\n<p>\u00dc\u00e7\u00fcnc\u00fc sete 2 say\u0131l\u0131k seriyle ba\u015flayan Sar\u0131 Melekler, kaptan Eda Erdem D\u00fcndar\u2019\u0131n \u00f6nderli\u011finde kazand\u0131\u011f\u0131 blok say\u0131lar\u0131yla oyunda kal\u0131rken skor 10-9 olunca Ba\u015fantren\u00f6r\u00fcm\u00fcz Zoran Terzic\u2019ten mola geldi. Mola sonras\u0131 rakibine say\u0131 vermeyen Tak\u0131m\u0131m\u0131z fark\u0131 7 say\u0131ya y\u00fckseltince Frans\u0131z ekibinden mola geldi. Kalan b\u00f6l\u00fcmde rahat bir oyun sergileyen Fenerbah\u00e7e Opet; seti 25-15, ma\u00e7\u0131 da 3-0 kazand\u0131.<\/p>\n","protected":false},"excerpt":{"rendered":"<p>Fenerbah\u00e7e Opet Kad\u0131n Voleybol Tak\u0131m\u0131m\u0131z, CEV Kad\u0131nlar \u015eampiyonlar Ligi B Grubu ilk ma\u00e7\u0131nda Fransa temsilcisi Nantes ile kar\u015f\u0131la\u015ft\u0131. Sar\u0131 Melekler setlerini; 25-16, 25-18, 25-15 \u00f6nde tamamlad\u0131\u011f\u0131 ma\u00e7\u0131 3-0 kazand\u0131 ve \u015eampiyonlar Ligi\u2019ne galibiyetle ba\u015flad\u0131. Fenerbah\u00e7e Opet\u2019in yer ald\u0131\u011f\u0131 grupta ilk devre kar\u015f\u0131la\u015fmalar\u0131 COVID-19 tedbirleri kapsam\u0131nda \u0130talya&#8217;n\u0131n Conegliano tak\u0131m\u0131n\u0131n ev sahipli\u011finde oynan\u0131yor. Sar\u0131 Melekler gruptaki di\u011fer [&hellip;]<\/p>\n","protected":false},"author":1,"featured_media":11802,"comment_status":"closed","ping_status":"closed","sticky":false,"template":"","format":"standard","meta":{"jnews-multi-image_gallery":[],"jnews_single_post":{"subtitle":"Fenerbah\u00e7e Kad\u0131n Voleybol Tak\u0131m\u0131m\u0131z, CEV Kad\u0131nlar \u015eampiyonlar Ligi B Grubu ilk ma\u00e7\u0131nda Nantes ile oynad\u0131\u011f\u0131 m\u00fccadeleyi 3-0 kazand\u0131.","format":"standard","video":"","gallery":"","source_name":"","source_url":"","via_name":"","via_url":"","override":[{"single_blog_custom":"","sidebar":"","second_sidebar":"","share_position":"","share_float_style":"","post_date_format":"","post_date_format_custom":"","post_reading_time_wpm":"","zoom_button_out_step":"1","zoom_button_in_step":"1","number_popup_post":"1"}],"image_override":[{"single_post_thumbnail_size":"","single_post_gallery_size":""}],"trending_post_position":"","trending_post_label":"","sponsored_post_label":"","sponsored_post_name":"","sponsored_post_url":"","sponsored_post_logo":"","sponsored_post_desc":""},"jnews_primary_category":{"id":"8"},"jnews_social_meta":{"fb_title":"","fb_description":"","fb_image":"","twitter_title":"","twitter_description":"","twitter_image":""},"jnews_override_counter":{"view_counter_number":"0","share_counter_number":"0","like_counter_number":"0","dislike_counter_number":"0"},"footnotes":""},"categories":[2,10,8],"tags":[23,29],"class_list":["post-11801","post","type-post","status-publish","format-standard","has-post-thumbnail","hentry","category-haberler","category-kadin-voleybol","category-voleybol","tag-fenerbahce","tag-voleybol"],"amp_enabled":true,"_links":{"self":[{"href":"https:\/\/www.fener.org\/index.php\/wp-json\/wp\/v2\/posts\/11801","targetHints":{"allow":["GET"]}}],"collection":[{"href":"https:\/\/www.fener.org\/index.php\/wp-json\/wp\/v2\/posts"}],"about":[{"href":"https:\/\/www.fener.org\/index.php\/wp-json\/wp\/v2\/types\/post"}],"author":[{"embeddable":true,"href":"https:\/\/www.fener.org\/index.php\/wp-json\/wp\/v2\/users\/1"}],"replies":[{"embeddable":true,"href":"https:\/\/www.fener.org\/index.php\/wp-json\/wp\/v2\/comments?post=11801"}],"version-history":[{"count":1,"href":"https:\/\/www.fener.org\/index.php\/wp-json\/wp\/v2\/posts\/11801\/revisions"}],"predecessor-version":[{"id":11803,"href":"https:\/\/www.fener.org\/index.php\/wp-json\/wp\/v2\/posts\/11801\/revisions\/11803"}],"wp:featuredmedia":[{"embeddable":true,"href":"https:\/\/www.fener.org\/index.php\/wp-json\/wp\/v2\/media\/11802"}],"wp:attachment":[{"href":"https:\/\/www.fener.org\/index.php\/wp-json\/wp\/v2\/media?parent=11801"}],"wp:term":[{"taxonomy":"category","embeddable":true,"href":"https:\/\/www.fener.org\/index.php\/wp-json\/wp\/v2\/categories?post=11801"},{"taxonomy":"post_tag","embeddable":true,"href":"https:\/\/www.fener.org\/index.php\/wp-json\/wp\/v2\/tags?post=11801"}],"curies":[{"name":"wp","href":"https:\/\/api.w.org\/{rel}","templated":true}]}}