{"id":11631,"date":"2020-11-20T20:04:39","date_gmt":"2020-11-20T17:04:39","guid":{"rendered":"https:\/\/www.fener.org\/?p=11631"},"modified":"2020-11-20T20:04:50","modified_gmt":"2020-11-20T17:04:50","slug":"sivas-belediyespor-macinin-hakemleri-belli-oldu","status":"publish","type":"post","link":"https:\/\/www.fener.org\/index.php\/2020\/11\/20\/sivas-belediyespor-macinin-hakemleri-belli-oldu\/","title":{"rendered":"Sivas Belediyespor ma\u00e7\u0131n\u0131n hakemleri belli oldu"},"content":{"rendered":"\n<p>Fenerbah\u00e7emiz ile Sivas Belediyespor aras\u0131nda oynanacak Ziraat T\u00fcrkiye Kupas\u0131 4.Tur ma\u00e7\u0131n\u0131 hakem Sarper Bar\u0131\u015f Saka y\u00f6netecek.<\/p>\n\n\n\n<p>Ziraat T\u00fcrkiye Kupas\u0131\u2019nda 4.Tur ma\u00e7lar\u0131n\u0131 y\u00f6netecek hakemler belli oldu. Buna g\u00f6re Fenerbah\u00e7emiz ile Sivas Belediyespor aras\u0131nda 24 Kas\u0131m Sal\u0131 g\u00fcn\u00fc saat 21.00\u2019da \u00dclker Stadyumu Fenerbah\u00e7e \u015e\u00fckr\u00fc Saraco\u011flu Spor Kompleksi\u2019nde oynanacak ma\u00e7ta Sarper Bar\u0131\u015f Saka d\u00fcd\u00fck \u00e7alacak. Saka\u2019n\u0131n yard\u0131mc\u0131l\u0131klar\u0131n\u0131 \u00d6mer Tevfik \u00d6zko\u00e7 ile Murat Tu\u011fberk Curbay yapacak. Kar\u015f\u0131la\u015fman\u0131n 4. hakemi ise Mustafa Ayd\u0131n.<\/p>\n","protected":false},"excerpt":{"rendered":"<p>Fenerbah\u00e7emiz ile Sivas Belediyespor aras\u0131nda oynanacak Ziraat T\u00fcrkiye Kupas\u0131 4.Tur ma\u00e7\u0131n\u0131 hakem Sarper Bar\u0131\u015f Saka y\u00f6netecek. Ziraat T\u00fcrkiye Kupas\u0131\u2019nda 4.Tur ma\u00e7lar\u0131n\u0131 y\u00f6netecek hakemler belli oldu. Buna g\u00f6re Fenerbah\u00e7emiz ile Sivas Belediyespor aras\u0131nda 24 Kas\u0131m Sal\u0131 g\u00fcn\u00fc saat 21.00\u2019da \u00dclker Stadyumu Fenerbah\u00e7e \u015e\u00fckr\u00fc Saraco\u011flu Spor Kompleksi\u2019nde oynanacak ma\u00e7ta Sarper Bar\u0131\u015f Saka d\u00fcd\u00fck \u00e7alacak. Saka\u2019n\u0131n yard\u0131mc\u0131l\u0131klar\u0131n\u0131 \u00d6mer [&hellip;]<\/p>\n","protected":false},"author":1,"featured_media":11632,"comment_status":"closed","ping_status":"closed","sticky":false,"template":"","format":"standard","meta":{"jnews-multi-image_gallery":[],"jnews_single_post":{"subtitle":"","format":"standard","video":"","gallery":"","source_name":"","source_url":"","via_name":"","via_url":"","override":[{"single_blog_custom":"","sidebar":"","second_sidebar":"","share_position":"","share_float_style":"","post_date_format":"","post_date_format_custom":"","post_reading_time_wpm":"","zoom_button_out_step":"1","zoom_button_in_step":"1","number_popup_post":"1"}],"image_override":[{"single_post_thumbnail_size":"","single_post_gallery_size":""}],"trending_post_position":"","trending_post_label":"","sponsored_post_label":"","sponsored_post_name":"","sponsored_post_url":"","sponsored_post_logo":"","sponsored_post_desc":""},"jnews_primary_category":{"id":"4"},"jnews_social_meta":{"fb_title":"","fb_description":"","fb_image":"","twitter_title":"","twitter_description":"","twitter_image":""},"jnews_override_counter":{"view_counter_number":"0","share_counter_number":"0","like_counter_number":"0","dislike_counter_number":"0"},"footnotes":""},"categories":[4,2,47],"tags":[23,54],"class_list":["post-11631","post","type-post","status-publish","format-standard","has-post-thumbnail","hentry","category-futbol","category-haberler","category-profesyonel-a-futbol-takimi","tag-fenerbahce","tag-futbol"],"amp_enabled":true,"_links":{"self":[{"href":"https:\/\/www.fener.org\/index.php\/wp-json\/wp\/v2\/posts\/11631","targetHints":{"allow":["GET"]}}],"collection":[{"href":"https:\/\/www.fener.org\/index.php\/wp-json\/wp\/v2\/posts"}],"about":[{"href":"https:\/\/www.fener.org\/index.php\/wp-json\/wp\/v2\/types\/post"}],"author":[{"embeddable":true,"href":"https:\/\/www.fener.org\/index.php\/wp-json\/wp\/v2\/users\/1"}],"replies":[{"embeddable":true,"href":"https:\/\/www.fener.org\/index.php\/wp-json\/wp\/v2\/comments?post=11631"}],"version-history":[{"count":1,"href":"https:\/\/www.fener.org\/index.php\/wp-json\/wp\/v2\/posts\/11631\/revisions"}],"predecessor-version":[{"id":11633,"href":"https:\/\/www.fener.org\/index.php\/wp-json\/wp\/v2\/posts\/11631\/revisions\/11633"}],"wp:featuredmedia":[{"embeddable":true,"href":"https:\/\/www.fener.org\/index.php\/wp-json\/wp\/v2\/media\/11632"}],"wp:attachment":[{"href":"https:\/\/www.fener.org\/index.php\/wp-json\/wp\/v2\/media?parent=11631"}],"wp:term":[{"taxonomy":"category","embeddable":true,"href":"https:\/\/www.fener.org\/index.php\/wp-json\/wp\/v2\/categories?post=11631"},{"taxonomy":"post_tag","embeddable":true,"href":"https:\/\/www.fener.org\/index.php\/wp-json\/wp\/v2\/tags?post=11631"}],"curies":[{"name":"wp","href":"https:\/\/api.w.org\/{rel}","templated":true}]}}