{"id":11617,"date":"2020-11-18T13:13:21","date_gmt":"2020-11-18T10:13:21","guid":{"rendered":"https:\/\/www.fener.org\/?p=11617"},"modified":"2020-11-18T13:13:32","modified_gmt":"2020-11-18T10:13:32","slug":"genclerbirligi-macinin-hakemleri-belli-oldu-3","status":"publish","type":"post","link":"https:\/\/www.fener.org\/index.php\/2020\/11\/18\/genclerbirligi-macinin-hakemleri-belli-oldu-3\/","title":{"rendered":"Gen\u00e7lerbirli\u011fi ma\u00e7\u0131n\u0131n hakemleri belli oldu"},"content":{"rendered":"\n<p>Fenerbah\u00e7emiz ile Gen\u00e7lerbirli\u011fi aras\u0131nda Ankara\u2019da oynanacak ma\u00e7\u0131 hakem Halil Umut Meler y\u00f6netecek.<\/p>\n\n\n\n<p>S\u00fcper Lig\u2019de 9. hafta ma\u00e7lar\u0131n\u0131 y\u00f6netecek hakemler belli oldu. Buna g\u00f6re Gen\u00e7lerbirli\u011fi ile Fenerbah\u00e7e aras\u0131nda 21 Kas\u0131m Cumartesi g\u00fcn\u00fc Eryaman Stadyumu\u2019nda oynanacak ma\u00e7ta Halil Umut Meler d\u00fcd\u00fck \u00e7alacak. Meler\u2019in yard\u0131mc\u0131l\u0131klar\u0131n\u0131 Cevdet K\u00f6m\u00fcrc\u00fco\u011flu ile \u0130brahim \u00c7a\u011flar Uyarcan yapacak. Kar\u015f\u0131la\u015fman\u0131n 4. hakemi ise Ramazan Kele\u015f.&nbsp;<\/p>\n","protected":false},"excerpt":{"rendered":"<p>Fenerbah\u00e7emiz ile Gen\u00e7lerbirli\u011fi aras\u0131nda Ankara\u2019da oynanacak ma\u00e7\u0131 hakem Halil Umut Meler y\u00f6netecek. S\u00fcper Lig\u2019de 9. hafta ma\u00e7lar\u0131n\u0131 y\u00f6netecek hakemler belli oldu. Buna g\u00f6re Gen\u00e7lerbirli\u011fi ile Fenerbah\u00e7e aras\u0131nda 21 Kas\u0131m Cumartesi g\u00fcn\u00fc Eryaman Stadyumu\u2019nda oynanacak ma\u00e7ta Halil Umut Meler d\u00fcd\u00fck \u00e7alacak. Meler\u2019in yard\u0131mc\u0131l\u0131klar\u0131n\u0131 Cevdet K\u00f6m\u00fcrc\u00fco\u011flu ile \u0130brahim \u00c7a\u011flar Uyarcan yapacak. Kar\u015f\u0131la\u015fman\u0131n 4. hakemi ise Ramazan Kele\u015f.&nbsp;<\/p>\n","protected":false},"author":1,"featured_media":3361,"comment_status":"closed","ping_status":"closed","sticky":false,"template":"","format":"standard","meta":{"jnews-multi-image_gallery":[],"jnews_single_post":{"subtitle":"","format":"standard","video":"","gallery":"","source_name":"","source_url":"","via_name":"","via_url":"","override":[{"single_blog_custom":"","sidebar":"","second_sidebar":"","share_position":"","share_float_style":"","post_date_format":"","post_date_format_custom":"","post_reading_time_wpm":"","zoom_button_out_step":"1","zoom_button_in_step":"1","number_popup_post":"1"}],"image_override":[{"single_post_thumbnail_size":"","single_post_gallery_size":""}],"trending_post_position":"","trending_post_label":"","sponsored_post_label":"","sponsored_post_name":"","sponsored_post_url":"","sponsored_post_logo":"","sponsored_post_desc":""},"jnews_primary_category":{"id":"4"},"jnews_social_meta":{"fb_title":"","fb_description":"","fb_image":"","twitter_title":"","twitter_description":"","twitter_image":""},"jnews_override_counter":{"view_counter_number":"0","share_counter_number":"0","like_counter_number":"0","dislike_counter_number":"0"},"footnotes":""},"categories":[4,2,47],"tags":[23,54],"class_list":["post-11617","post","type-post","status-publish","format-standard","has-post-thumbnail","hentry","category-futbol","category-haberler","category-profesyonel-a-futbol-takimi","tag-fenerbahce","tag-futbol"],"amp_enabled":true,"_links":{"self":[{"href":"https:\/\/www.fener.org\/index.php\/wp-json\/wp\/v2\/posts\/11617","targetHints":{"allow":["GET"]}}],"collection":[{"href":"https:\/\/www.fener.org\/index.php\/wp-json\/wp\/v2\/posts"}],"about":[{"href":"https:\/\/www.fener.org\/index.php\/wp-json\/wp\/v2\/types\/post"}],"author":[{"embeddable":true,"href":"https:\/\/www.fener.org\/index.php\/wp-json\/wp\/v2\/users\/1"}],"replies":[{"embeddable":true,"href":"https:\/\/www.fener.org\/index.php\/wp-json\/wp\/v2\/comments?post=11617"}],"version-history":[{"count":1,"href":"https:\/\/www.fener.org\/index.php\/wp-json\/wp\/v2\/posts\/11617\/revisions"}],"predecessor-version":[{"id":11618,"href":"https:\/\/www.fener.org\/index.php\/wp-json\/wp\/v2\/posts\/11617\/revisions\/11618"}],"wp:featuredmedia":[{"embeddable":true,"href":"https:\/\/www.fener.org\/index.php\/wp-json\/wp\/v2\/media\/3361"}],"wp:attachment":[{"href":"https:\/\/www.fener.org\/index.php\/wp-json\/wp\/v2\/media?parent=11617"}],"wp:term":[{"taxonomy":"category","embeddable":true,"href":"https:\/\/www.fener.org\/index.php\/wp-json\/wp\/v2\/categories?post=11617"},{"taxonomy":"post_tag","embeddable":true,"href":"https:\/\/www.fener.org\/index.php\/wp-json\/wp\/v2\/tags?post=11617"}],"curies":[{"name":"wp","href":"https:\/\/api.w.org\/{rel}","templated":true}]}}