{"id":11599,"date":"2020-11-17T08:50:52","date_gmt":"2020-11-17T05:50:52","guid":{"rendered":"https:\/\/www.fener.org\/?p=11599"},"modified":"2020-11-17T08:51:01","modified_gmt":"2020-11-17T05:51:01","slug":"emre-sakci-50-ve-100-metre-kurbagalamada-birinci-oldu","status":"publish","type":"post","link":"https:\/\/www.fener.org\/index.php\/2020\/11\/17\/emre-sakci-50-ve-100-metre-kurbagalamada-birinci-oldu\/","title":{"rendered":"Emre Sak\u00e7\u0131 50 ve 100 metre kurba\u011falamada birinci oldu"},"content":{"rendered":"\n<p>Macaristan&#8217;\u0131n ba\u015fkenti Budape\u015fte&#8217;de d\u00fczenlenen International Swimming League\u2019deki son yar\u0131\u015f\u0131na \u00e7\u0131kan Fenerbah\u00e7emizin rekortmen y\u00fcz\u00fcc\u00fcs\u00fc Emre Sak\u00e7\u0131, 100 metre kurba\u011falama k\u0131sa kulvar yar\u0131\u015f\u0131nda 56.51\u2019lik derecesiyle bir kez daha birinci oldu.<\/p>\n\n\n\n<p>Milli y\u00fcz\u00fcc\u00fcm\u00fcz, d\u00fcn ger\u00e7ekle\u015ftirilen 50 metre kurba\u011falama k\u0131sa kulvar yar\u0131\u015f\u0131nda da 25.54\u2019le birinci oldu.<\/p>\n","protected":false},"excerpt":{"rendered":"<p>Macaristan&#8217;\u0131n ba\u015fkenti Budape\u015fte&#8217;de d\u00fczenlenen International Swimming League\u2019deki son yar\u0131\u015f\u0131na \u00e7\u0131kan Fenerbah\u00e7emizin rekortmen y\u00fcz\u00fcc\u00fcs\u00fc Emre Sak\u00e7\u0131, 100 metre kurba\u011falama k\u0131sa kulvar yar\u0131\u015f\u0131nda 56.51\u2019lik derecesiyle bir kez daha birinci oldu. Milli y\u00fcz\u00fcc\u00fcm\u00fcz, d\u00fcn ger\u00e7ekle\u015ftirilen 50 metre kurba\u011falama k\u0131sa kulvar yar\u0131\u015f\u0131nda da 25.54\u2019le birinci oldu.<\/p>\n","protected":false},"author":1,"featured_media":11355,"comment_status":"closed","ping_status":"closed","sticky":false,"template":"","format":"standard","meta":{"jnews-multi-image_gallery":[],"jnews_single_post":{"subtitle":"","format":"standard","video":"","gallery":"","source_name":"","source_url":"","via_name":"","via_url":"","override":[{"single_blog_custom":"","sidebar":"","second_sidebar":"","share_position":"","share_float_style":"","post_date_format":"","post_date_format_custom":"","post_reading_time_wpm":"","zoom_button_out_step":"1","zoom_button_in_step":"1","number_popup_post":"1"}],"image_override":[{"single_post_thumbnail_size":"","single_post_gallery_size":""}],"trending_post_position":"","trending_post_label":"","sponsored_post_label":"","sponsored_post_name":"","sponsored_post_url":"","sponsored_post_logo":"","sponsored_post_desc":""},"jnews_primary_category":{"id":"14"},"jnews_social_meta":{"fb_title":"","fb_description":"","fb_image":"","twitter_title":"","twitter_description":"","twitter_image":""},"jnews_override_counter":{"view_counter_number":"0","share_counter_number":"0","like_counter_number":"0","dislike_counter_number":"0"},"footnotes":""},"categories":[2,14],"tags":[23,33],"class_list":["post-11599","post","type-post","status-publish","format-standard","has-post-thumbnail","hentry","category-haberler","category-yuzme","tag-fenerbahce","tag-yuzme"],"amp_enabled":true,"_links":{"self":[{"href":"https:\/\/www.fener.org\/index.php\/wp-json\/wp\/v2\/posts\/11599","targetHints":{"allow":["GET"]}}],"collection":[{"href":"https:\/\/www.fener.org\/index.php\/wp-json\/wp\/v2\/posts"}],"about":[{"href":"https:\/\/www.fener.org\/index.php\/wp-json\/wp\/v2\/types\/post"}],"author":[{"embeddable":true,"href":"https:\/\/www.fener.org\/index.php\/wp-json\/wp\/v2\/users\/1"}],"replies":[{"embeddable":true,"href":"https:\/\/www.fener.org\/index.php\/wp-json\/wp\/v2\/comments?post=11599"}],"version-history":[{"count":1,"href":"https:\/\/www.fener.org\/index.php\/wp-json\/wp\/v2\/posts\/11599\/revisions"}],"predecessor-version":[{"id":11600,"href":"https:\/\/www.fener.org\/index.php\/wp-json\/wp\/v2\/posts\/11599\/revisions\/11600"}],"wp:featuredmedia":[{"embeddable":true,"href":"https:\/\/www.fener.org\/index.php\/wp-json\/wp\/v2\/media\/11355"}],"wp:attachment":[{"href":"https:\/\/www.fener.org\/index.php\/wp-json\/wp\/v2\/media?parent=11599"}],"wp:term":[{"taxonomy":"category","embeddable":true,"href":"https:\/\/www.fener.org\/index.php\/wp-json\/wp\/v2\/categories?post=11599"},{"taxonomy":"post_tag","embeddable":true,"href":"https:\/\/www.fener.org\/index.php\/wp-json\/wp\/v2\/tags?post=11599"}],"curies":[{"name":"wp","href":"https:\/\/api.w.org\/{rel}","templated":true}]}}