{"id":11583,"date":"2020-11-13T10:45:00","date_gmt":"2020-11-13T07:45:00","guid":{"rendered":"https:\/\/www.fener.org\/?p=11583"},"modified":"2020-11-15T13:50:41","modified_gmt":"2020-11-15T10:50:41","slug":"fenerbahce-beko-turk-telekoma-konuk-oluyor","status":"publish","type":"post","link":"https:\/\/www.fener.org\/index.php\/2020\/11\/13\/fenerbahce-beko-turk-telekoma-konuk-oluyor\/","title":{"rendered":"Fenerbah\u00e7e Beko, T\u00fcrk Telekom\u2019a konuk oluyor"},"content":{"rendered":"\n<p>Fenerbah\u00e7e Beko Erkek Basketbol Tak\u0131m\u0131m\u0131z, ING Basketbol S\u00fcper Ligi 8. hafta ma\u00e7\u0131nda T\u00fcrk Telekom\u2019a konuk oluyor. Yar\u0131n (14 Kas\u0131m Cumartesi g\u00fcn\u00fc) saat 15.15\u2019te Ankara Spor Salonu\u2019nda oynanacak m\u00fccadele Tivibu Spor 2\u2019den canl\u0131 yay\u0131nlanacak.<\/p>\n\n\n\n<p>Fenerbah\u00e7e Beko, son resmi kar\u015f\u0131la\u015fmas\u0131nda 12 Kas\u0131m Per\u015fembe g\u00fcn\u00fc Barcelona\u2019ya konuk oldu ve rakibine 97-55 kaybetti. Tak\u0131m\u0131m\u0131z bu sonu\u00e7la sekizinci ma\u00e7\u0131nda d\u00f6rt galibiyette kald\u0131.<\/p>\n\n\n\n<p>Ekibimiz, ING Basketbol S\u00fcper Ligi\u2019ndeki son ma\u00e7\u0131nda 8 Kas\u0131m Pazar g\u00fcn\u00fc Dar\u00fc\u015f\u015fafaka Tekfen\u2019i \u00dclker Spor ve Etkinlik Salonu\u2019nda konuk etti. Fenerbah\u00e7e Beko, rakibini 90-79 ile ge\u00e7erek yedide yedi yapt\u0131.<\/p>\n\n\n\n<p>Fenerbah\u00e7e Beko\u2019da Nando De Colo, sa\u011f bald\u0131r\u0131ndaki kas sakatl\u0131\u011f\u0131 nedeniyle bu ma\u00e7ta forma giyemeyecek.<\/p>\n\n\n\n<p>Ko\u00e7 Burak G\u00f6ren taraf\u0131ndan \u00e7al\u0131\u015ft\u0131r\u0131lan T\u00fcrk Telekom, bu sezon ligimizde oynad\u0131\u011f\u0131 yedi ma\u00e7ta alt\u0131 galibiyet ald\u0131. Ankara temsilcisi, ilk hafta m\u00fccadelesinde Anadolu Efes\u2019e 83-78 kaybettikten sonra \u00e7\u0131kt\u0131\u011f\u0131 alt\u0131 lig ma\u00e7\u0131n\u0131 da kazand\u0131. Telekom, son olarak Frutti Extra Bursaspor\u2019a 7 Kas\u0131m Cumartesi g\u00fcn\u00fc konuk oldu\u011fu kar\u015f\u0131la\u015fmay\u0131 107-108 galip bitirdi.<\/p>\n\n\n\n<p>T\u00fcrk Telekom, \u00fclkemizi Fiba \u015eampiyonlar Ligi\u2019nde temsil ediyor. Rakibimiz, bu kulvarda oynad\u0131\u011f\u0131 iki ma\u00e7ta bir galibiyet elde etti. \u0130lk kar\u015f\u0131la\u015fmas\u0131nda Hapoel Jerusalem\u2019i 98-94 ile ge\u00e7en Telekom, 11 Kas\u0131m\u2019da oynad\u0131\u011f\u0131 Igokea m\u00fccadelesinde ise sahadan 77-66\u2019l\u0131k ma\u011flubiyetle ayr\u0131ld\u0131.<\/p>\n","protected":false},"excerpt":{"rendered":"<p>Fenerbah\u00e7e Beko Erkek Basketbol Tak\u0131m\u0131m\u0131z, ING Basketbol S\u00fcper Ligi 8. hafta ma\u00e7\u0131nda T\u00fcrk Telekom\u2019a konuk oluyor. Yar\u0131n (14 Kas\u0131m Cumartesi g\u00fcn\u00fc) saat 15.15\u2019te Ankara Spor Salonu\u2019nda oynanacak m\u00fccadele Tivibu Spor 2\u2019den canl\u0131 yay\u0131nlanacak. Fenerbah\u00e7e Beko, son resmi kar\u015f\u0131la\u015fmas\u0131nda 12 Kas\u0131m Per\u015fembe g\u00fcn\u00fc Barcelona\u2019ya konuk oldu ve rakibine 97-55 kaybetti. Tak\u0131m\u0131m\u0131z bu sonu\u00e7la sekizinci ma\u00e7\u0131nda d\u00f6rt [&hellip;]<\/p>\n","protected":false},"author":1,"featured_media":11447,"comment_status":"closed","ping_status":"closed","sticky":false,"template":"","format":"standard","meta":{"jnews-multi-image_gallery":[],"jnews_single_post":{"subtitle":"Fenerbah\u00e7e Erkek Basketbol Tak\u0131m\u0131m\u0131z, Basketbol S\u00fcper Ligi 8. hafta ma\u00e7\u0131nda deplasmanda T\u00fcrk Telekom ile m\u00fccadele edecek.","format":"standard","video":"","gallery":"","source_name":"","source_url":"","via_name":"","via_url":"","override":[{"single_blog_custom":"","sidebar":"","second_sidebar":"","share_position":"","share_float_style":"","post_date_format":"","post_date_format_custom":"","post_reading_time_wpm":"","zoom_button_out_step":"1","zoom_button_in_step":"1","number_popup_post":"1"}],"image_override":[{"single_post_thumbnail_size":"","single_post_gallery_size":""}],"trending_post_position":"","trending_post_label":"","sponsored_post_label":"","sponsored_post_name":"","sponsored_post_url":"","sponsored_post_logo":"","sponsored_post_desc":""},"jnews_primary_category":{"id":"5"},"jnews_social_meta":{"fb_title":"","fb_description":"","fb_image":"","twitter_title":"","twitter_description":"","twitter_image":""},"jnews_override_counter":{"view_counter_number":"0","share_counter_number":"0","like_counter_number":"0","dislike_counter_number":"0"},"footnotes":""},"categories":[5,6,2],"tags":[24,23],"class_list":["post-11583","post","type-post","status-publish","format-standard","has-post-thumbnail","hentry","category-basketbol","category-erkek-basketbol","category-haberler","tag-basketbol","tag-fenerbahce"],"amp_enabled":true,"_links":{"self":[{"href":"https:\/\/www.fener.org\/index.php\/wp-json\/wp\/v2\/posts\/11583","targetHints":{"allow":["GET"]}}],"collection":[{"href":"https:\/\/www.fener.org\/index.php\/wp-json\/wp\/v2\/posts"}],"about":[{"href":"https:\/\/www.fener.org\/index.php\/wp-json\/wp\/v2\/types\/post"}],"author":[{"embeddable":true,"href":"https:\/\/www.fener.org\/index.php\/wp-json\/wp\/v2\/users\/1"}],"replies":[{"embeddable":true,"href":"https:\/\/www.fener.org\/index.php\/wp-json\/wp\/v2\/comments?post=11583"}],"version-history":[{"count":1,"href":"https:\/\/www.fener.org\/index.php\/wp-json\/wp\/v2\/posts\/11583\/revisions"}],"predecessor-version":[{"id":11584,"href":"https:\/\/www.fener.org\/index.php\/wp-json\/wp\/v2\/posts\/11583\/revisions\/11584"}],"wp:featuredmedia":[{"embeddable":true,"href":"https:\/\/www.fener.org\/index.php\/wp-json\/wp\/v2\/media\/11447"}],"wp:attachment":[{"href":"https:\/\/www.fener.org\/index.php\/wp-json\/wp\/v2\/media?parent=11583"}],"wp:term":[{"taxonomy":"category","embeddable":true,"href":"https:\/\/www.fener.org\/index.php\/wp-json\/wp\/v2\/categories?post=11583"},{"taxonomy":"post_tag","embeddable":true,"href":"https:\/\/www.fener.org\/index.php\/wp-json\/wp\/v2\/tags?post=11583"}],"curies":[{"name":"wp","href":"https:\/\/api.w.org\/{rel}","templated":true}]}}