{"id":1148,"date":"2018-09-13T17:46:48","date_gmt":"2018-09-13T14:46:48","guid":{"rendered":"https:\/\/fener.org\/xwebsites\/wp\/fener\/?p=1148"},"modified":"2018-09-13T17:46:48","modified_gmt":"2018-09-13T14:46:48","slug":"kadin-voleybol-takimimiz-sezon-hazirliklarini-surduruyor","status":"publish","type":"post","link":"https:\/\/www.fener.org\/index.php\/2018\/09\/13\/kadin-voleybol-takimimiz-sezon-hazirliklarini-surduruyor\/","title":{"rendered":"Kad\u0131n Voleybol Tak\u0131m\u0131m\u0131z sezon haz\u0131rl\u0131klar\u0131n\u0131 s\u00fcrd\u00fcr\u00fcyor"},"content":{"rendered":"<p>Fenerbah\u00e7e Kad\u0131n Voleybol Tak\u0131m\u0131m\u0131z yeni sezona D\u00fczce&#8217;nin Kayna\u015fl\u0131 il\u00e7esinde bulunan Serkan Acar Resort&#038;Sport Topuk Yaylas\u0131\u2019nda haz\u0131rlan\u0131yor.<\/p>\n<p>M\u00fccadele edece\u011fi 3 kulvarda da ba\u015far\u0131 hedefleyen Sar\u0131 Melekler, sezonu ge\u00e7ti\u011fimiz hafta Derea\u011fz\u0131 Lefter K\u00fc\u00e7\u00fckandonyadis Tesislerimizde yapt\u0131\u011f\u0131 antrenmanla a\u00e7t\u0131. 1 haftal\u0131k \u00e7al\u0131\u015fman\u0131n ard\u0131ndan kafilemiz sabah saatlerinde Topuk Yaylas\u0131&#8217;n\u0131n yolunu tuttu. Burada 1 hafta kamp yapacak tak\u0131m\u0131m\u0131z, \u00f6\u011fle saatlerinde Voleybol \u015eubesinden Sorumlu Y\u00f6netim Kurulu \u00dcyemiz Simla T\u00fcrker Bayaz\u0131t, Voleybol \u015eubesi Yard\u0131mc\u0131s\u0131 Muhittin \u0130lker Din\u00e7ay ve Erkek Voleybol Tak\u0131m\u0131m\u0131zla yemek yedi.<\/p>\n<p>Kad\u0131n Voleybol Tak\u0131m\u0131m\u0131z ak\u015fam saatlerinde ise kamp\u0131n ilk antrenman\u0131n\u0131 ger\u00e7ekle\u015ftirdi. A tak\u0131m yard\u0131mc\u0131 antren\u00f6rlerimiz Zeljko Bulatovic ve Salih Erdo\u011fan Tavac\u0131 y\u00f6netiminde saat 18.00\u2019de ba\u015flayan idman, 2 saat s\u00fcrd\u00fc. Is\u0131nma ve koordinasyon hareketleriyle ba\u015flayan antrenman, denge \u00e7al\u0131\u015fmas\u0131 ile devam etti. Man\u015fet ma\u00e7\u0131n\u0131n ard\u0131ndan topla yap\u0131lan \u0131s\u0131nma hareketleriyle antrenman noktaland\u0131.<\/p>\n<p>Ayn\u0131 zamanda S\u0131rbistan Milli Kad\u0131n Voleybol Tak\u0131m\u0131\u2019n\u0131 da \u00e7al\u0131\u015ft\u0131ran Ba\u015fantren\u00f6r\u00fcm\u00fcz Zoran Terzic ile milli tak\u0131mlarda bulunan kaptan\u0131m\u0131z Eda Erdem D\u00fcndar ile yeni transferlerimizden Samantha Bricio ve Ana Antonijevic kampa kat\u0131lmad\u0131.<\/p>\n<p>1 hafta s\u00fcrecek kamp, yar\u0131n yap\u0131lacak antrenmanlarla devam edecek.<\/p>\n","protected":false},"excerpt":{"rendered":"<p>Fenerbah\u00e7e Kad\u0131n Voleybol Tak\u0131m\u0131m\u0131z yeni sezona D\u00fczce&#8217;nin Kayna\u015fl\u0131 il\u00e7esinde bulunan Serkan Acar Resort&#038;Sport Topuk Yaylas\u0131\u2019nda haz\u0131rlan\u0131yor. M\u00fccadele edece\u011fi 3 kulvarda da ba\u015far\u0131 hedefleyen Sar\u0131 Melekler, sezonu ge\u00e7ti\u011fimiz hafta Derea\u011fz\u0131 Lefter K\u00fc\u00e7\u00fckandonyadis Tesislerimizde yapt\u0131\u011f\u0131 antrenmanla a\u00e7t\u0131. 1 haftal\u0131k \u00e7al\u0131\u015fman\u0131n ard\u0131ndan kafilemiz sabah saatlerinde Topuk Yaylas\u0131&#8217;n\u0131n yolunu tuttu. Burada 1 hafta kamp yapacak tak\u0131m\u0131m\u0131z, \u00f6\u011fle saatlerinde Voleybol [&hellip;]<\/p>\n","protected":false},"author":1,"featured_media":1149,"comment_status":"open","ping_status":"open","sticky":false,"template":"","format":"standard","meta":{"jnews-multi-image_gallery":[],"jnews_single_post":{"override_template":"0","override":[{"template":"1","single_blog_custom":"","parallax":"1","fullscreen":"0","layout":"right-sidebar","sidebar":"default-sidebar","second_sidebar":"default-sidebar","sticky_sidebar":"1","share_position":"top","share_float_style":"share-monocrhome","show_share_counter":"1","show_view_counter":"1","show_featured":"1","show_post_meta":"1","show_post_author":"1","show_post_author_image":"1","show_post_date":"1","post_date_format":"default","post_date_format_custom":"Y\/m\/d","show_post_category":"1","show_post_tag":"1","show_prev_next_post":"1","show_popup_post":"1","number_popup_post":"1","show_author_box":"0","show_post_related":"1","show_inline_post_related":"0"}],"override_image_size":"0","image_override":[{"single_post_thumbnail_size":"crop-500","single_post_gallery_size":"crop-500"}],"trending_post":"0","trending_post_position":"meta","trending_post_label":"Trending"},"jnews_primary_category":{"id":"8"},"jnews_social_meta":[],"jnews_override_counter":[],"footnotes":""},"categories":[2,10,8],"tags":[],"class_list":["post-1148","post","type-post","status-publish","format-standard","has-post-thumbnail","hentry","category-haberler","category-kadin-voleybol","category-voleybol"],"amp_enabled":true,"_links":{"self":[{"href":"https:\/\/www.fener.org\/index.php\/wp-json\/wp\/v2\/posts\/1148","targetHints":{"allow":["GET"]}}],"collection":[{"href":"https:\/\/www.fener.org\/index.php\/wp-json\/wp\/v2\/posts"}],"about":[{"href":"https:\/\/www.fener.org\/index.php\/wp-json\/wp\/v2\/types\/post"}],"author":[{"embeddable":true,"href":"https:\/\/www.fener.org\/index.php\/wp-json\/wp\/v2\/users\/1"}],"replies":[{"embeddable":true,"href":"https:\/\/www.fener.org\/index.php\/wp-json\/wp\/v2\/comments?post=1148"}],"version-history":[{"count":1,"href":"https:\/\/www.fener.org\/index.php\/wp-json\/wp\/v2\/posts\/1148\/revisions"}],"predecessor-version":[{"id":1150,"href":"https:\/\/www.fener.org\/index.php\/wp-json\/wp\/v2\/posts\/1148\/revisions\/1150"}],"wp:featuredmedia":[{"embeddable":true,"href":"https:\/\/www.fener.org\/index.php\/wp-json\/wp\/v2\/media\/1149"}],"wp:attachment":[{"href":"https:\/\/www.fener.org\/index.php\/wp-json\/wp\/v2\/media?parent=1148"}],"wp:term":[{"taxonomy":"category","embeddable":true,"href":"https:\/\/www.fener.org\/index.php\/wp-json\/wp\/v2\/categories?post=1148"},{"taxonomy":"post_tag","embeddable":true,"href":"https:\/\/www.fener.org\/index.php\/wp-json\/wp\/v2\/tags?post=1148"}],"curies":[{"name":"wp","href":"https:\/\/api.w.org\/{rel}","templated":true}]}}