{"id":11437,"date":"2020-10-28T18:39:26","date_gmt":"2020-10-28T15:39:26","guid":{"rendered":"https:\/\/www.fener.org\/?p=11437"},"modified":"2020-10-28T18:39:35","modified_gmt":"2020-10-28T15:39:35","slug":"fenerbahce-antalyaspor-maci-hazirliklarina-basladi","status":"publish","type":"post","link":"https:\/\/www.fener.org\/index.php\/2020\/10\/28\/fenerbahce-antalyaspor-maci-hazirliklarina-basladi\/","title":{"rendered":"Fenerbah\u00e7e, Antalyaspor ma\u00e7\u0131 haz\u0131rl\u0131klar\u0131na ba\u015flad\u0131"},"content":{"rendered":"\n<p>Fenerbah\u00e7e, Fraport-TAV Antalyaspor ile oynayaca\u011f\u0131 ma\u00e7\u0131n haz\u0131rl\u0131klar\u0131na sabah saatlerinde Can Bartu Tesisleri&#8217;nde yapt\u0131\u011f\u0131 antrenmanla ba\u015flad\u0131. Diego Perotti, Serdar Aziz ve Mame Thiam antrenman\u0131n tamam\u0131nda tak\u0131mla birlikte \u00e7al\u0131\u015f\u0131rken, Sinan G\u00fcm\u00fc\u015f gribal enfeksiyon rahats\u0131zl\u0131\u011f\u0131 sebebiyle idmanda yer almad\u0131.<\/p>\n\n\n\n<p>Teknik Direkt\u00f6r\u00fcm\u00fcz Erol Bulut y\u00f6netiminde ger\u00e7ekle\u015fen \u00e7al\u0131\u015fma saat 11.30\u2019da ba\u015flad\u0131. Is\u0131nma ve koordinasyon hareketlerinin ard\u0131ndan pas \u00e7al\u0131\u015fmas\u0131 yap\u0131ld\u0131. \u00c7ift kale ma\u00e7la devam eden antrenman, bireysel \u00e7al\u0131\u015fmalarla noktaland\u0131.\u00a0<\/p>\n\n\n\n<p>Tak\u0131m\u0131m\u0131z, 2 Kas\u0131m Pazartesi g\u00fcn\u00fc Antalya Stadyumu\u2019nda oynanacak bu kar\u015f\u0131la\u015fman\u0131n haz\u0131rl\u0131klar\u0131n\u0131 yar\u0131n yapaca\u011f\u0131 \u00e7al\u0131\u015fma ile s\u00fcrd\u00fcrecek.<\/p>\n","protected":false},"excerpt":{"rendered":"<p>Fenerbah\u00e7e, Fraport-TAV Antalyaspor ile oynayaca\u011f\u0131 ma\u00e7\u0131n haz\u0131rl\u0131klar\u0131na sabah saatlerinde Can Bartu Tesisleri&#8217;nde yapt\u0131\u011f\u0131 antrenmanla ba\u015flad\u0131. Diego Perotti, Serdar Aziz ve Mame Thiam antrenman\u0131n tamam\u0131nda tak\u0131mla birlikte \u00e7al\u0131\u015f\u0131rken, Sinan G\u00fcm\u00fc\u015f gribal enfeksiyon rahats\u0131zl\u0131\u011f\u0131 sebebiyle idmanda yer almad\u0131. Teknik Direkt\u00f6r\u00fcm\u00fcz Erol Bulut y\u00f6netiminde ger\u00e7ekle\u015fen \u00e7al\u0131\u015fma saat 11.30\u2019da ba\u015flad\u0131. Is\u0131nma ve koordinasyon hareketlerinin ard\u0131ndan pas \u00e7al\u0131\u015fmas\u0131 yap\u0131ld\u0131. \u00c7ift [&hellip;]<\/p>\n","protected":false},"author":1,"featured_media":11438,"comment_status":"closed","ping_status":"closed","sticky":false,"template":"","format":"standard","meta":{"jnews-multi-image_gallery":[],"jnews_single_post":{"subtitle":"","format":"standard","video":"","gallery":"","source_name":"","source_url":"","via_name":"","via_url":"","override":[{"single_blog_custom":"","sidebar":"","second_sidebar":"","share_position":"","share_float_style":"","post_date_format":"","post_date_format_custom":"","post_reading_time_wpm":"","zoom_button_out_step":"1","zoom_button_in_step":"1","number_popup_post":"1"}],"image_override":[{"single_post_thumbnail_size":"","single_post_gallery_size":""}],"trending_post_position":"","trending_post_label":"","sponsored_post_label":"","sponsored_post_name":"","sponsored_post_url":"","sponsored_post_logo":"","sponsored_post_desc":""},"jnews_primary_category":{"id":"4"},"jnews_social_meta":{"fb_title":"","fb_description":"","fb_image":"","twitter_title":"","twitter_description":"","twitter_image":""},"jnews_override_counter":{"view_counter_number":"0","share_counter_number":"0","like_counter_number":"0","dislike_counter_number":"0"},"footnotes":""},"categories":[4,2,47],"tags":[23,54],"class_list":["post-11437","post","type-post","status-publish","format-standard","has-post-thumbnail","hentry","category-futbol","category-haberler","category-profesyonel-a-futbol-takimi","tag-fenerbahce","tag-futbol"],"amp_enabled":true,"_links":{"self":[{"href":"https:\/\/www.fener.org\/index.php\/wp-json\/wp\/v2\/posts\/11437","targetHints":{"allow":["GET"]}}],"collection":[{"href":"https:\/\/www.fener.org\/index.php\/wp-json\/wp\/v2\/posts"}],"about":[{"href":"https:\/\/www.fener.org\/index.php\/wp-json\/wp\/v2\/types\/post"}],"author":[{"embeddable":true,"href":"https:\/\/www.fener.org\/index.php\/wp-json\/wp\/v2\/users\/1"}],"replies":[{"embeddable":true,"href":"https:\/\/www.fener.org\/index.php\/wp-json\/wp\/v2\/comments?post=11437"}],"version-history":[{"count":1,"href":"https:\/\/www.fener.org\/index.php\/wp-json\/wp\/v2\/posts\/11437\/revisions"}],"predecessor-version":[{"id":11439,"href":"https:\/\/www.fener.org\/index.php\/wp-json\/wp\/v2\/posts\/11437\/revisions\/11439"}],"wp:featuredmedia":[{"embeddable":true,"href":"https:\/\/www.fener.org\/index.php\/wp-json\/wp\/v2\/media\/11438"}],"wp:attachment":[{"href":"https:\/\/www.fener.org\/index.php\/wp-json\/wp\/v2\/media?parent=11437"}],"wp:term":[{"taxonomy":"category","embeddable":true,"href":"https:\/\/www.fener.org\/index.php\/wp-json\/wp\/v2\/categories?post=11437"},{"taxonomy":"post_tag","embeddable":true,"href":"https:\/\/www.fener.org\/index.php\/wp-json\/wp\/v2\/tags?post=11437"}],"curies":[{"name":"wp","href":"https:\/\/api.w.org\/{rel}","templated":true}]}}