{"id":11417,"date":"2020-10-25T21:05:49","date_gmt":"2020-10-25T18:05:49","guid":{"rendered":"https:\/\/www.fener.org\/?p=11417"},"modified":"2020-10-25T23:06:50","modified_gmt":"2020-10-25T20:06:50","slug":"fenerbahce-3-1-trabzonspor","status":"publish","type":"post","link":"https:\/\/www.fener.org\/index.php\/2020\/10\/25\/fenerbahce-3-1-trabzonspor\/","title":{"rendered":"Fenerbah\u00e7e 3-1 Trabzonspor"},"content":{"rendered":"\n<p>S\u00fcper Lig&#8217;in 6. haftas\u0131nda Fenerbah\u00e7e evinde Trabzonspor&#8217;u konuk etti. M\u00fccadelede 1-0 geriye d\u00fc\u015fen Fenerbah\u00e7e sahadan 3-1&#8217;lik galibiyetle ayr\u0131ld\u0131. Fenerbah\u00e7e \u00fcst \u00fcste 3. galibiyetini ald\u0131.<\/p>\n\n\n\n<p>\u00dclker Stadyumu Fenerbah\u00e7e \u015e\u00fckr\u00fc Saraco\u011flu Stad\u0131&#8217;nda oynanan m\u00fccadelede Fenerbah\u00e7e&#8217;nin gollerini 51. dakikada Serkan Asana kendi kalesine, 55. dakikada Valencia ve 72. dakikada Cisse att\u0131. Trabzonspor&#8217;un tek gol\u00fcn\u00fc 23. dakikada Afobe kaydetti.<\/p>\n\n\n\n<p>Fenerbah\u00e7e bu sonu\u00e7la 14 puanla 2. s\u0131rada yer ald\u0131.<\/p>\n\n\n<p><strong>Ma\u00e7tan dakikalar:<\/strong><\/p>\n<p>8. dakikada Caner Erkin&#8217;in sol kanattan yapt\u0131\u011f\u0131 ortada alt\u0131pas i\u00e7inde Samatta&#8217;n\u0131n uygun durumda \u0131skalad\u0131\u011f\u0131 topa arka direkte kale \u00e7izgisinin yakla\u015f\u0131k 1 metre gerisinde bo\u015f kalan Valencia kafayla vurdu ancak me\u015fin yuvarlak \u00fcstten auta gitti.<br \/><br \/>15. dakikada Trabzonspor ata\u011f\u0131nda Nwakaeme&#8217;nin ara pas\u0131yla savunma arkas\u0131na sarkan Abd\u00fclkadir \u00d6m\u00fcr, sa\u011f \u00e7aprazda dar a\u00e7\u0131da alt\u0131pas gerisindeki Afobe&#8217;ye pas vermeyi denedi, araya savunma girdi.<br \/><br \/>23. dakikada Trabzonspor ata\u011f\u0131nda Fenerbah\u00e7e yar\u0131 alan\u0131n\u0131n ortalar\u0131nda hava topu m\u00fccadelesinde Sosa ile Lemos \u00e7arp\u0131\u015f\u0131nca top Afobe&#8217;nin \u00f6n\u00fcnde kald\u0131. Ald\u0131\u011f\u0131 topla ceza sahas\u0131na kadar ilerleyen bordo-mavili futbolcu, \u00e7izgi \u00fczerinde hafif sol \u00e7aprazdan \u015futunda topu a\u011flara g\u00f6nderdi: 0-1.<br \/><br \/>51. dakikada Caner Erkin&#8217;in sa\u011fdan kulland\u0131\u011f\u0131 kornerde \u00f6n direkte alt\u0131pas \u00e7izgisi \u00fczerinde y\u00fckselen Tisserand&#8217;\u0131n kafayla vurdu\u011fu top yan direkten d\u00f6nd\u00fc. Daha sonra \u00e7izgi \u00fczerindeki Serkan Asan&#8217;a \u00e7arpan top a\u011flara gitti: 1-1.<br \/><br \/>55. dakikada h\u0131zl\u0131 geli\u015fen atakta Cisse&#8217;nin pas\u0131yla ceza sahas\u0131 d\u0131\u015f\u0131 sa\u011f \u00e7aprazda topla bulu\u015fan Valencia&#8217;n\u0131n ceza sahas\u0131na girer girmez yerden d\u00fczg\u00fcn vuru\u015funda top filelerle bulu\u015ftu: 2-1.<br \/><br \/>64. dakikada Trabzonspor ata\u011f\u0131nda Baker&#8217;in ceza sahas\u0131 yay\u0131 gerisinden \u015futunda, top az farkla yandan auta \u00e7\u0131kt\u0131.<br \/><br \/>65. dakikada Samatta&#8217;n\u0131n ceza sahas\u0131 yay\u0131 i\u00e7inden sert \u015futunda, kaleci U\u011furcan \u00c7ak\u0131r soluna gelen topu uzanarak tehlike b\u00f6lgesinin d\u0131\u015f\u0131na g\u00f6nderdi.<br \/><br \/>72. dakikada Caner Erkin&#8217;in soldan kulland\u0131\u011f\u0131 kornerde Edgar&#8217;\u0131n \u00f6n direkte kafayla vurdu\u011fu top alt\u0131pas i\u00e7ine d\u00fc\u015ft\u00fc. Arka direkte uygun durumdaki Cisse, kafayla topu a\u011flara yollad\u0131: 3-1.<br \/><br \/>79. dakikada Mert Hakan Yanda\u015f&#8217;\u0131n ceza sahas\u0131 d\u0131\u015f\u0131ndan \u015futunda, kaleci U\u011furcan \u00c7ak\u0131r sa\u011f\u0131na gelen topu yatarak kornere \u00e7eldi.<br \/><br \/>83. dakikada Nwakaeme&#8217;nin ceza sahas\u0131 d\u0131\u015f\u0131 sol \u00e7aprazdan sert \u015futunda, savunmadan seken top az farkla \u00fcstten auta \u00e7\u0131kt\u0131.<br \/><br \/>90+4. dakikada G\u00f6khan G\u00f6n\u00fcl&#8217;\u00fcn sa\u011fdan ortas\u0131nda alt\u0131pas \u00f6n\u00fcndeki Cisse&#8217;nin kafayla vurdu\u011fu top \u00fcst direkten d\u00f6nd\u00fc.<\/p>","protected":false},"excerpt":{"rendered":"<p>S\u00fcper Lig&#8217;in 6. haftas\u0131nda Fenerbah\u00e7e evinde Trabzonspor&#8217;u konuk etti. M\u00fccadelede 1-0 geriye d\u00fc\u015fen Fenerbah\u00e7e sahadan 3-1&#8217;lik galibiyetle ayr\u0131ld\u0131. Fenerbah\u00e7e \u00fcst \u00fcste 3. galibiyetini ald\u0131. \u00dclker Stadyumu Fenerbah\u00e7e \u015e\u00fckr\u00fc Saraco\u011flu Stad\u0131&#8217;nda oynanan m\u00fccadelede Fenerbah\u00e7e&#8217;nin gollerini 51. dakikada Serkan Asana kendi kalesine, 55. dakikada Valencia ve 72. dakikada Cisse att\u0131. Trabzonspor&#8217;un tek gol\u00fcn\u00fc 23. dakikada Afobe kaydetti. [&hellip;]<\/p>\n","protected":false},"author":1,"featured_media":11419,"comment_status":"closed","ping_status":"closed","sticky":false,"template":"","format":"standard","meta":{"jnews-multi-image_gallery":[],"jnews_single_post":{"subtitle":"Fenerbah\u00e7e, S\u00fcper Lig'in 6. haftas\u0131nda sahas\u0131nda Trabzonspor'u konuk etti\u011fi m\u00fccadeleden 3-1'lik galibiyetle ayr\u0131ld\u0131.","format":"standard","video":"","gallery":"","source_name":"","source_url":"","via_name":"","via_url":"","override":[{"single_blog_custom":"","sidebar":"","second_sidebar":"","share_position":"","share_float_style":"","post_date_format":"","post_date_format_custom":"","post_reading_time_wpm":"","zoom_button_out_step":"1","zoom_button_in_step":"1","number_popup_post":"1"}],"image_override":[{"single_post_thumbnail_size":"","single_post_gallery_size":""}],"trending_post_position":"","trending_post_label":"","sponsored_post_label":"","sponsored_post_name":"","sponsored_post_url":"","sponsored_post_logo":"","sponsored_post_desc":""},"jnews_primary_category":{"id":"4"},"jnews_social_meta":{"fb_title":"","fb_description":"","fb_image":"","twitter_title":"","twitter_description":"","twitter_image":""},"jnews_override_counter":{"view_counter_number":"0","share_counter_number":"0","like_counter_number":"0","dislike_counter_number":"0"},"footnotes":""},"categories":[4,2,47],"tags":[23,62,54],"class_list":["post-11417","post","type-post","status-publish","format-standard","has-post-thumbnail","hentry","category-futbol","category-haberler","category-profesyonel-a-futbol-takimi","tag-fenerbahce","tag-fenerinmacivar","tag-futbol"],"amp_enabled":true,"_links":{"self":[{"href":"https:\/\/www.fener.org\/index.php\/wp-json\/wp\/v2\/posts\/11417","targetHints":{"allow":["GET"]}}],"collection":[{"href":"https:\/\/www.fener.org\/index.php\/wp-json\/wp\/v2\/posts"}],"about":[{"href":"https:\/\/www.fener.org\/index.php\/wp-json\/wp\/v2\/types\/post"}],"author":[{"embeddable":true,"href":"https:\/\/www.fener.org\/index.php\/wp-json\/wp\/v2\/users\/1"}],"replies":[{"embeddable":true,"href":"https:\/\/www.fener.org\/index.php\/wp-json\/wp\/v2\/comments?post=11417"}],"version-history":[{"count":2,"href":"https:\/\/www.fener.org\/index.php\/wp-json\/wp\/v2\/posts\/11417\/revisions"}],"predecessor-version":[{"id":11421,"href":"https:\/\/www.fener.org\/index.php\/wp-json\/wp\/v2\/posts\/11417\/revisions\/11421"}],"wp:featuredmedia":[{"embeddable":true,"href":"https:\/\/www.fener.org\/index.php\/wp-json\/wp\/v2\/media\/11419"}],"wp:attachment":[{"href":"https:\/\/www.fener.org\/index.php\/wp-json\/wp\/v2\/media?parent=11417"}],"wp:term":[{"taxonomy":"category","embeddable":true,"href":"https:\/\/www.fener.org\/index.php\/wp-json\/wp\/v2\/categories?post=11417"},{"taxonomy":"post_tag","embeddable":true,"href":"https:\/\/www.fener.org\/index.php\/wp-json\/wp\/v2\/tags?post=11417"}],"curies":[{"name":"wp","href":"https:\/\/api.w.org\/{rel}","templated":true}]}}