{"id":11348,"date":"2020-10-19T19:12:08","date_gmt":"2020-10-19T16:12:08","guid":{"rendered":"https:\/\/www.fener.org\/?p=11348"},"modified":"2020-10-19T19:12:21","modified_gmt":"2020-10-19T16:12:21","slug":"fenerbahcede-garry-rodrigues-ile-yollar-ayrildi","status":"publish","type":"post","link":"https:\/\/www.fener.org\/index.php\/2020\/10\/19\/fenerbahcede-garry-rodrigues-ile-yollar-ayrildi\/","title":{"rendered":"Fenerbah\u00e7e&#8217;de Garry Rodrigues ile yollar ayr\u0131ld\u0131"},"content":{"rendered":"\n<p>Fenerbah\u00e7e, ge\u00e7en sezon sat\u0131n alma opsiyonuyla birlikte 2 y\u0131ll\u0131\u011f\u0131na kiralad\u0131\u011f\u0131 Garry Rodrigues ile yollar\u0131n\u0131 ay\u0131rd\u0131.<\/p>\n\n\n\n<p>Sar\u0131-lacivertliler, 30 ya\u015f\u0131ndaki oyuncuyla yollar\u0131n ayr\u0131ld\u0131\u011f\u0131n\u0131 resmen duyurdu. Kul\u00fcpten yap\u0131lan a\u00e7\u0131klamada \u015fu ifadeler kullan\u0131ld\u0131;<\/p>\n\n\n\n<blockquote class=\"wp-block-quote is-layout-flow wp-block-quote-is-layout-flow\"><p>&#8220;Kiral\u0131k olarak formam\u0131z\u0131 giyen Garry Rodrigues\u2019in, bonservisini elinde bulunduran kul\u00fcb\u00fc Al \u0130ttihad\u2019a d\u00f6nmesi konusunda hem oyuncuyla hem de kul\u00fcb\u00fcyle anla\u015fma sa\u011flanm\u0131\u015ft\u0131r. Kamuoyunun bilgisine sunar\u0131z.&#8221;<\/p><\/blockquote>\n\n\n\n<p>Garry Rodrigues, Fenerbah\u00e7e formas\u0131yla 29 resmi ma\u00e7ta 4 gol, 4 asistlik performans sergiledi.<\/p>\n\n\n\n<p>30 ya\u015f\u0131ndaki futbolcu, bu sezon geride kalan 5 lig ma\u00e7\u0131nda da \u015fans bulamad\u0131.<\/p>\n","protected":false},"excerpt":{"rendered":"<p>Fenerbah\u00e7e, ge\u00e7en sezon sat\u0131n alma opsiyonuyla birlikte 2 y\u0131ll\u0131\u011f\u0131na kiralad\u0131\u011f\u0131 Garry Rodrigues ile yollar\u0131n\u0131 ay\u0131rd\u0131. Sar\u0131-lacivertliler, 30 ya\u015f\u0131ndaki oyuncuyla yollar\u0131n ayr\u0131ld\u0131\u011f\u0131n\u0131 resmen duyurdu. Kul\u00fcpten yap\u0131lan a\u00e7\u0131klamada \u015fu ifadeler kullan\u0131ld\u0131; &#8220;Kiral\u0131k olarak formam\u0131z\u0131 giyen Garry Rodrigues\u2019in, bonservisini elinde bulunduran kul\u00fcb\u00fc Al \u0130ttihad\u2019a d\u00f6nmesi konusunda hem oyuncuyla hem de kul\u00fcb\u00fcyle anla\u015fma sa\u011flanm\u0131\u015ft\u0131r. Kamuoyunun bilgisine sunar\u0131z.&#8221; Garry Rodrigues, [&hellip;]<\/p>\n","protected":false},"author":1,"featured_media":10031,"comment_status":"closed","ping_status":"closed","sticky":false,"template":"","format":"standard","meta":{"jnews-multi-image_gallery":[],"jnews_single_post":{"subtitle":"Fenerbah\u00e7e, Garry Rodrigues ile yollar\u0131n\u0131 ay\u0131rd\u0131\u011f\u0131n\u0131 a\u00e7\u0131klad\u0131.","format":"standard","video":"","gallery":"","source_name":"","source_url":"","via_name":"","via_url":"","override":[{"single_blog_custom":"","sidebar":"","second_sidebar":"","share_position":"","share_float_style":"","post_date_format":"","post_date_format_custom":"","post_reading_time_wpm":"","zoom_button_out_step":"1","zoom_button_in_step":"1","number_popup_post":"1"}],"image_override":[{"single_post_thumbnail_size":"","single_post_gallery_size":""}],"trending_post_position":"","trending_post_label":"","sponsored_post_label":"","sponsored_post_name":"","sponsored_post_url":"","sponsored_post_logo":"","sponsored_post_desc":""},"jnews_primary_category":{"id":"4"},"jnews_social_meta":{"fb_title":"","fb_description":"","fb_image":"","twitter_title":"","twitter_description":"","twitter_image":""},"jnews_override_counter":{"view_counter_number":"0","share_counter_number":"0","like_counter_number":"0","dislike_counter_number":"0"},"footnotes":""},"categories":[4,2,47],"tags":[23,54],"class_list":["post-11348","post","type-post","status-publish","format-standard","has-post-thumbnail","hentry","category-futbol","category-haberler","category-profesyonel-a-futbol-takimi","tag-fenerbahce","tag-futbol"],"amp_enabled":true,"_links":{"self":[{"href":"https:\/\/www.fener.org\/index.php\/wp-json\/wp\/v2\/posts\/11348","targetHints":{"allow":["GET"]}}],"collection":[{"href":"https:\/\/www.fener.org\/index.php\/wp-json\/wp\/v2\/posts"}],"about":[{"href":"https:\/\/www.fener.org\/index.php\/wp-json\/wp\/v2\/types\/post"}],"author":[{"embeddable":true,"href":"https:\/\/www.fener.org\/index.php\/wp-json\/wp\/v2\/users\/1"}],"replies":[{"embeddable":true,"href":"https:\/\/www.fener.org\/index.php\/wp-json\/wp\/v2\/comments?post=11348"}],"version-history":[{"count":1,"href":"https:\/\/www.fener.org\/index.php\/wp-json\/wp\/v2\/posts\/11348\/revisions"}],"predecessor-version":[{"id":11349,"href":"https:\/\/www.fener.org\/index.php\/wp-json\/wp\/v2\/posts\/11348\/revisions\/11349"}],"wp:featuredmedia":[{"embeddable":true,"href":"https:\/\/www.fener.org\/index.php\/wp-json\/wp\/v2\/media\/10031"}],"wp:attachment":[{"href":"https:\/\/www.fener.org\/index.php\/wp-json\/wp\/v2\/media?parent=11348"}],"wp:term":[{"taxonomy":"category","embeddable":true,"href":"https:\/\/www.fener.org\/index.php\/wp-json\/wp\/v2\/categories?post=11348"},{"taxonomy":"post_tag","embeddable":true,"href":"https:\/\/www.fener.org\/index.php\/wp-json\/wp\/v2\/tags?post=11348"}],"curies":[{"name":"wp","href":"https:\/\/api.w.org\/{rel}","templated":true}]}}