{"id":11333,"date":"2020-10-18T10:45:57","date_gmt":"2020-10-18T07:45:57","guid":{"rendered":"https:\/\/www.fener.org\/?p=11333"},"modified":"2020-10-18T10:46:10","modified_gmt":"2020-10-18T07:46:10","slug":"fenerbahcemiz-goztepenin-konugu-oluyor","status":"publish","type":"post","link":"https:\/\/www.fener.org\/index.php\/2020\/10\/18\/fenerbahcemiz-goztepenin-konugu-oluyor\/","title":{"rendered":"Fenerbah\u00e7emiz, G\u00f6ztepe\u2019nin konu\u011fu oluyor"},"content":{"rendered":"\n<p>Fenerbah\u00e7e, S\u00fcper Lig&#8217;in 5. haftas\u0131nda G\u00f6ztepe\u2019ye konuk olacak. Bug\u00fcn (18 Ekim Pazar g\u00fcn\u00fc) \u0130zmir G\u00fcrsel Aksel Stad\u0131\u2019nda oynanacak ve saat 19.00&#8217;da ba\u015flayacak kar\u015f\u0131la\u015fmay\u0131 hakem Atilla Karao\u011flan y\u00f6netecek.<\/p>\n\n\n\n<p>Ligde geride kalan 4 ma\u00e7\u0131n 2&#8217;sini kazanan, 2&#8217;sinden de berabere ayr\u0131lan Fenerbah\u00e7emiz, haftaya 8 puanla ikinci s\u0131rada girdi. Lige \u00c7aykur Rizespor deplasman\u0131nda ald\u0131\u011f\u0131 2-1\u2019lik galibiyetle ba\u015flayan Erol Bulut\u2019un \u00f6\u011frencileri, Ataka\u015f Hatayspor ve Galatasaray ile gols\u00fcz berabere kal\u0131rken 4. hafta konuk etti\u011fi Fatih Karag\u00fcmr\u00fck\u2019\u00fc ise 2-1\u2019le ge\u00e7ti.<\/p>\n\n\n\n<p>G\u00f6ztepe ise S\u00fcper Lig&#8217;in ilk 4 haftas\u0131nda bir galibiyet ald\u0131, 3 kez berabere kald\u0131. \u0130zmir temsilcisi, 6 puan ve averajla haftaya 8. s\u0131rada girdi.<\/p>\n\n\n\n<p>Fenerbah\u00e7emiz ile G\u00f6ztepe aras\u0131nda oynanacak kar\u015f\u0131la\u015fmay\u0131 hakem Atilla Karao\u011flan y\u00f6netecek. Karao\u011flan\u2019\u0131n yard\u0131mc\u0131l\u0131klar\u0131n\u0131 Volkan Ahmet Narin\u00e7 ve Serkan \u00c7imen yapacak. M\u00fccadelenin 4. hakemi ise Sarper Bar\u0131\u015f Saka.<\/p>\n\n\n\n<p>\u0130ki tak\u0131m aras\u0131nda geride kalan 52 ma\u00e7tan 24&#8217;\u00fcn\u00fc Fenerbah\u00e7emiz, 8&#8217;ini G\u00f6ztepe kazand\u0131, 20 m\u00fcsabaka da berabere sonu\u00e7land\u0131. Gollerde de Fenerbah\u00e7e&#8217;nin, G\u00f6ztepe&#8217;ye 79-36 \u00fcst\u00fcnl\u00fc\u011f\u00fc bulunuyor.<\/p>\n\n\n\n<p>Ge\u00e7en sezonun ilk yar\u0131s\u0131nda \u0130zmir&#8217;de yap\u0131lan m\u00fcsabaka 2-2 berabere tamamlanm\u0131\u015ft\u0131. \u0130kinci devre \u0130stanbul&#8217;da oynanan kar\u015f\u0131la\u015fmay\u0131 ise Fenerbah\u00e7e 2-1 kazanm\u0131\u015ft\u0131.<\/p>\n\n\n\n<p>\u0130ki tak\u0131m \u0130zmir&#8217;de 27. kez lig ma\u00e7\u0131 oynayacak. Geride kalan m\u00fcsabakalarda Fenerbah\u00e7e&#8217;nin galibiyetlerde 8-6 \u00fcst\u00fcnl\u00fc\u011f\u00fc bulunuyor. \u0130zmir&#8217;de 12 ma\u00e7 da berabere sonu\u00e7lan\u0131rken, Fenerbah\u00e7e 28, G\u00f6ztepe ise 20 gol att\u0131.<\/p>\n","protected":false},"excerpt":{"rendered":"<p>Fenerbah\u00e7e, S\u00fcper Lig&#8217;in 5. haftas\u0131nda G\u00f6ztepe\u2019ye konuk olacak. Bug\u00fcn (18 Ekim Pazar g\u00fcn\u00fc) \u0130zmir G\u00fcrsel Aksel Stad\u0131\u2019nda oynanacak ve saat 19.00&#8217;da ba\u015flayacak kar\u015f\u0131la\u015fmay\u0131 hakem Atilla Karao\u011flan y\u00f6netecek. Ligde geride kalan 4 ma\u00e7\u0131n 2&#8217;sini kazanan, 2&#8217;sinden de berabere ayr\u0131lan Fenerbah\u00e7emiz, haftaya 8 puanla ikinci s\u0131rada girdi. Lige \u00c7aykur Rizespor deplasman\u0131nda ald\u0131\u011f\u0131 2-1\u2019lik galibiyetle ba\u015flayan Erol Bulut\u2019un [&hellip;]<\/p>\n","protected":false},"author":1,"featured_media":11334,"comment_status":"closed","ping_status":"closed","sticky":false,"template":"","format":"standard","meta":{"jnews-multi-image_gallery":[],"jnews_single_post":{"subtitle":"Fenerbah\u00e7e, S\u00fcper Lig'in 5. haftas\u0131nda deplasmanda G\u00f6ztepe ile kar\u015f\u0131la\u015f\u0131yor.","format":"standard","video":"","gallery":"","source_name":"","source_url":"","via_name":"","via_url":"","override":[{"single_blog_custom":"","sidebar":"","second_sidebar":"","share_position":"","share_float_style":"","post_date_format":"","post_date_format_custom":"","post_reading_time_wpm":"","zoom_button_out_step":"1","zoom_button_in_step":"1","number_popup_post":"1"}],"image_override":[{"single_post_thumbnail_size":"","single_post_gallery_size":""}],"trending_post_position":"","trending_post_label":"","sponsored_post_label":"","sponsored_post_name":"","sponsored_post_url":"","sponsored_post_logo":"","sponsored_post_desc":""},"jnews_primary_category":{"id":"4"},"jnews_social_meta":{"fb_title":"","fb_description":"","fb_image":"","twitter_title":"","twitter_description":"","twitter_image":""},"jnews_override_counter":{"view_counter_number":"0","share_counter_number":"0","like_counter_number":"0","dislike_counter_number":"0"},"footnotes":""},"categories":[4,2,47],"tags":[23,54],"class_list":["post-11333","post","type-post","status-publish","format-standard","has-post-thumbnail","hentry","category-futbol","category-haberler","category-profesyonel-a-futbol-takimi","tag-fenerbahce","tag-futbol"],"amp_enabled":true,"_links":{"self":[{"href":"https:\/\/www.fener.org\/index.php\/wp-json\/wp\/v2\/posts\/11333","targetHints":{"allow":["GET"]}}],"collection":[{"href":"https:\/\/www.fener.org\/index.php\/wp-json\/wp\/v2\/posts"}],"about":[{"href":"https:\/\/www.fener.org\/index.php\/wp-json\/wp\/v2\/types\/post"}],"author":[{"embeddable":true,"href":"https:\/\/www.fener.org\/index.php\/wp-json\/wp\/v2\/users\/1"}],"replies":[{"embeddable":true,"href":"https:\/\/www.fener.org\/index.php\/wp-json\/wp\/v2\/comments?post=11333"}],"version-history":[{"count":1,"href":"https:\/\/www.fener.org\/index.php\/wp-json\/wp\/v2\/posts\/11333\/revisions"}],"predecessor-version":[{"id":11335,"href":"https:\/\/www.fener.org\/index.php\/wp-json\/wp\/v2\/posts\/11333\/revisions\/11335"}],"wp:featuredmedia":[{"embeddable":true,"href":"https:\/\/www.fener.org\/index.php\/wp-json\/wp\/v2\/media\/11334"}],"wp:attachment":[{"href":"https:\/\/www.fener.org\/index.php\/wp-json\/wp\/v2\/media?parent=11333"}],"wp:term":[{"taxonomy":"category","embeddable":true,"href":"https:\/\/www.fener.org\/index.php\/wp-json\/wp\/v2\/categories?post=11333"},{"taxonomy":"post_tag","embeddable":true,"href":"https:\/\/www.fener.org\/index.php\/wp-json\/wp\/v2\/tags?post=11333"}],"curies":[{"name":"wp","href":"https:\/\/api.w.org\/{rel}","templated":true}]}}