{"id":11317,"date":"2020-10-16T23:00:49","date_gmt":"2020-10-16T20:00:49","guid":{"rendered":"https:\/\/www.fener.org\/?p=11317"},"modified":"2020-10-16T23:18:23","modified_gmt":"2020-10-16T20:18:23","slug":"fenerbahce-beko-71-75-bayern-munih","status":"publish","type":"post","link":"https:\/\/www.fener.org\/index.php\/2020\/10\/16\/fenerbahce-beko-71-75-bayern-munih\/","title":{"rendered":"Fenerbah\u00e7e Beko 71-75 Bayern M\u00fcnih"},"content":{"rendered":"\n<p>Fenerbah\u00e7e Beko, Turkish Airlines EuroLeague 4. hafta ma\u00e7\u0131nda Bayern M\u00fcnih\u2019i konuk etti. \u00c7ok iyi ba\u015flad\u0131\u011f\u0131 ma\u00e7\u0131n sonunu getiremeyen ekibimiz, m\u00fcsabakadan 71-75 ma\u011flup ayr\u0131ld\u0131.<\/p>\n\n\n\n<p>Tak\u0131m\u0131m\u0131z kar\u015f\u0131la\u015fmaya Nando de Colo, Jan Vesely, Edgaras Ulanovas, Lorenzo Borwn ve Danilo Barthel be\u015fiyle ba\u015flad\u0131. Kar\u015f\u0131la\u015fman\u0131n ilk dakikalar\u0131nda pota alt\u0131n\u0131 etkili kullanan ve rakibe kolay say\u0131 \u015fans\u0131 tan\u0131mayan Fenerbah\u00e7e Beko, 13-3 \u00f6ne f\u0131rlad\u0131. \u00dcst\u00fcn oyununu s\u00fcrd\u00fcren Kokoskov\u2019un \u00f6\u011frencileri, \u00e7eyre\u011fi 28-9 \u00f6nde tamamlad\u0131. Etkili oyununa devam eden Fenerbah\u00e7e Beko, soyunma odas\u0131na 20 say\u0131 farkla 45-25 \u00f6nde girdi. Fark\u0131n kapanmas\u0131na bu \u00e7eyrekte izin vermeyen Tak\u0131m\u0131m\u0131z, \u00fc\u00e7\u00fcnc\u00fc periyodu 58-48 \u00fcst\u00fcn tamamlad\u0131. 4. \u00e7eyre\u011fin bitimine 5 dakika kala Ekibimiz, m\u00fccadelede ilk kez geri d\u00fc\u015ft\u00fc. (63-65) Jan Vesely ile skoru 68-68\u2019de e\u015fitleyen Fenerbah\u00e7e Beko, kalan dakikalarda skor \u00fcst\u00fcnl\u00fc\u011f\u00fcn\u00fc ele alamad\u0131 ve kar\u015f\u0131la\u015fmadan 71-75 ma\u011flup ayr\u0131ld\u0131.<\/p>\n\n\n\n<p><strong>Fenerbah\u00e7e Beko (71): <\/strong>Vesely 25, De Colo 18, Ulanovas 10, Pierre 7, Barthel 6, A.Muhammed 3, Brown 2<\/p>\n","protected":false},"excerpt":{"rendered":"<p>Fenerbah\u00e7e Beko, Turkish Airlines EuroLeague 4. hafta ma\u00e7\u0131nda Bayern M\u00fcnih\u2019i konuk etti. \u00c7ok iyi ba\u015flad\u0131\u011f\u0131 ma\u00e7\u0131n sonunu getiremeyen ekibimiz, m\u00fcsabakadan 71-75 ma\u011flup ayr\u0131ld\u0131. Tak\u0131m\u0131m\u0131z kar\u015f\u0131la\u015fmaya Nando de Colo, Jan Vesely, Edgaras Ulanovas, Lorenzo Borwn ve Danilo Barthel be\u015fiyle ba\u015flad\u0131. Kar\u015f\u0131la\u015fman\u0131n ilk dakikalar\u0131nda pota alt\u0131n\u0131 etkili kullanan ve rakibe kolay say\u0131 \u015fans\u0131 tan\u0131mayan Fenerbah\u00e7e Beko, 13-3 [&hellip;]<\/p>\n","protected":false},"author":1,"featured_media":11318,"comment_status":"closed","ping_status":"closed","sticky":false,"template":"","format":"standard","meta":{"jnews-multi-image_gallery":[],"jnews_single_post":{"subtitle":"Fenerbah\u00e7e Erkek Basketbol Tak\u0131m\u0131m\u0131z, Turkish Airlines EuroLeague 4. hafta ma\u00e7\u0131nda sahas\u0131nda Bayern M\u00fcnih ile onyad\u0131\u011f\u0131 m\u00fccadeleden ma\u011flubiyetle ayr\u0131ld\u0131.","format":"standard","video":"","gallery":"","source_name":"","source_url":"","via_name":"","via_url":"","override":[{"single_blog_custom":"","sidebar":"","second_sidebar":"","share_position":"","share_float_style":"","post_date_format":"","post_date_format_custom":"","post_reading_time_wpm":"","zoom_button_out_step":"1","zoom_button_in_step":"1","number_popup_post":"1"}],"image_override":[{"single_post_thumbnail_size":"","single_post_gallery_size":""}],"trending_post_position":"","trending_post_label":"","sponsored_post_label":"","sponsored_post_name":"","sponsored_post_url":"","sponsored_post_logo":"","sponsored_post_desc":""},"jnews_primary_category":{"id":"5"},"jnews_social_meta":{"fb_title":"","fb_description":"","fb_image":"","twitter_title":"","twitter_description":"","twitter_image":""},"jnews_override_counter":{"view_counter_number":"0","share_counter_number":"0","like_counter_number":"0","dislike_counter_number":"0"},"footnotes":""},"categories":[5,6,2],"tags":[24,23],"class_list":["post-11317","post","type-post","status-publish","format-standard","has-post-thumbnail","hentry","category-basketbol","category-erkek-basketbol","category-haberler","tag-basketbol","tag-fenerbahce"],"amp_enabled":true,"_links":{"self":[{"href":"https:\/\/www.fener.org\/index.php\/wp-json\/wp\/v2\/posts\/11317","targetHints":{"allow":["GET"]}}],"collection":[{"href":"https:\/\/www.fener.org\/index.php\/wp-json\/wp\/v2\/posts"}],"about":[{"href":"https:\/\/www.fener.org\/index.php\/wp-json\/wp\/v2\/types\/post"}],"author":[{"embeddable":true,"href":"https:\/\/www.fener.org\/index.php\/wp-json\/wp\/v2\/users\/1"}],"replies":[{"embeddable":true,"href":"https:\/\/www.fener.org\/index.php\/wp-json\/wp\/v2\/comments?post=11317"}],"version-history":[{"count":1,"href":"https:\/\/www.fener.org\/index.php\/wp-json\/wp\/v2\/posts\/11317\/revisions"}],"predecessor-version":[{"id":11319,"href":"https:\/\/www.fener.org\/index.php\/wp-json\/wp\/v2\/posts\/11317\/revisions\/11319"}],"wp:featuredmedia":[{"embeddable":true,"href":"https:\/\/www.fener.org\/index.php\/wp-json\/wp\/v2\/media\/11318"}],"wp:attachment":[{"href":"https:\/\/www.fener.org\/index.php\/wp-json\/wp\/v2\/media?parent=11317"}],"wp:term":[{"taxonomy":"category","embeddable":true,"href":"https:\/\/www.fener.org\/index.php\/wp-json\/wp\/v2\/categories?post=11317"},{"taxonomy":"post_tag","embeddable":true,"href":"https:\/\/www.fener.org\/index.php\/wp-json\/wp\/v2\/tags?post=11317"}],"curies":[{"name":"wp","href":"https:\/\/api.w.org\/{rel}","templated":true}]}}