{"id":11209,"date":"2020-10-04T22:09:24","date_gmt":"2020-10-04T19:09:24","guid":{"rendered":"https:\/\/www.fener.org\/?p=11209"},"modified":"2020-10-04T22:09:37","modified_gmt":"2020-10-04T19:09:37","slug":"besiktas-74-83-fenerbahce-beko","status":"publish","type":"post","link":"https:\/\/www.fener.org\/index.php\/2020\/10\/04\/besiktas-74-83-fenerbahce-beko\/","title":{"rendered":"Be\u015fikta\u015f 74-83 Fenerbah\u00e7e Beko"},"content":{"rendered":"\n<p>Fenerbah\u00e7e Beko, ING Basketbol S\u00fcper Ligi 2. hafta ma\u00e7\u0131nda Be\u015fikta\u015f\u2019a konuk oldu. Ekibimiz, ilk yar\u0131s\u0131n\u0131 36-54 \u00f6nde tamamlad\u0131\u011f\u0131 kar\u015f\u0131la\u015fmay\u0131 74-83 kazanarak ikide iki yapt\u0131.<\/p>\n\n\n\n<p>Tak\u0131m\u0131m\u0131zda Leo Westermann, Edgaras Ulanovas, Nando De Colo ve Danilo Barthel ma\u00e7 kadrosunda yer almad\u0131. Fenerbah\u00e7e Beko kar\u015f\u0131la\u015fmaya Lorenzo Brown, Tar\u0131k Biberovic, Dyshawn Pierre, Jan Vesely, Ahmet D\u00fcverio\u011flu be\u015fiyle ba\u015flad\u0131.<\/p>\n\n\n\n<p>M\u00fccadelede ilk say\u0131lar\u0131m\u0131z Brown\u2019un asistinde Vesely\u2019nin smac\u0131yla geldi (0-2). Fenerbah\u00e7e Beko ilk b\u00f6l\u00fcmde Ahmet D\u00fcverio\u011flu\u2019nun \u00e7ember alt\u0131nda buldu\u011fu say\u0131larla etkili oldu. \u0130lk be\u015f dakika 5-12 \u00fcst\u00fcnl\u00fc\u011f\u00fcm\u00fczle ge\u00e7ildi. Televizyon molas\u0131 sonras\u0131 Pierre\u2019nin \u00fc\u00e7l\u00fc\u011f\u00fc fark\u0131 \u00e7ift haneli say\u0131lara ta\u015f\u0131d\u0131 (5-15). \u0130lk \u00e7eyrekte Ahmet D\u00fcverio\u011flu iki faule ula\u015ft\u0131. \u00c7eyre\u011fin son b\u00f6l\u00fcm\u00fcnde ekibimiz, kenardan gelen Ali Muhammed ile skor \u00fcretti. Kaptan Melih\u2019in isabeti, \u00e7eyre\u011fin bitimine 1 dakika kala fark\u0131 14\u2019e y\u00fckseltti (11-25). \u0130lk \u00e7eyrek 14-27 \u00fcst\u00fcnl\u00fc\u011f\u00fcm\u00fczle sonu\u00e7land\u0131.<\/p>\n\n\n\n<p>\u0130kinci \u00e7eyrekte ilk b\u00f6l\u00fcmde ev sahibi tak\u0131m h\u00fccum ribauntlar\u0131 ile etkili oldu. \u0130ki dakikal\u0131k dilimin ard\u0131ndan Igor Kokoskov oyuna molayla m\u00fcdahale etti (23-32). Ahmet D\u00fcverio\u011flu\u2019nun performans\u0131, tak\u0131m\u0131m\u0131z\u0131n oyun ritmini elinde tutmas\u0131n\u0131 sa\u011flad\u0131 (25-39). Bu b\u00f6l\u00fcmde Ahmet D\u00fcverio\u011flu ve Jarell Eddie \u00e7ift haneli say\u0131lara ula\u015ft\u0131. Savunmada rakibini durdurmakta zorlanan Fenerbah\u00e7e Beko\u2019da Igor Kokoskov, ilk yar\u0131n\u0131n sonuna 4:37 kala molaya ba\u015fvurdu (34-41). Mola d\u00f6n\u00fc\u015f\u00fcnde Vesely, Melih ve Eddie\u2019nin say\u0131lar\u0131yla yakalanan 0-8\u2019lik seri fark\u0131 tekrar \u00e7ift haneli say\u0131lara ta\u015f\u0131d\u0131 (34-49). Fenerbah\u00e7e Beko soyunma odas\u0131na 36-54 \u00fcst\u00fcn gitti.<\/p>\n\n\n\n<p>\u0130kinci yar\u0131ya ev sahibi tak\u0131m daha iyi ba\u015flad\u0131 (40-54). Bu b\u00f6l\u00fcmde ilk say\u0131lar\u0131m\u0131z Pierre ile geldi (40-56). Fenerbah\u00e7e Beko, iyi savunmas\u0131n\u0131n yan\u0131na Jan Vesely\u2019nin skor katk\u0131s\u0131n\u0131 da ekleyerek fark\u0131 artt\u0131rd\u0131 (40-59). Televizyon molas\u0131na ekibimizin 45-61\u2019lik \u00fcst\u00fcnl\u00fc\u011f\u00fcyle gidildi. \u00c7eyre\u011fin sonunda h\u00fccumda zorlanan Fenerbah\u00e7e Beko, son on dakikal\u0131k dilime 53-65\u2019lik avantajla girdi.<\/p>\n\n\n\n<p>Sar\u0131-lacivertliler, son \u00e7eyre\u011fe 0-7\u2019lik giri\u015f yaparak fark\u0131 artt\u0131rsa da Be\u015fikta\u015f bu seriye ayn\u0131 \u015fekilde 7-0 ile cevap verdi. Son 6:00 dakikaya 60-72 \u00fcst\u00fcnl\u00fc\u011f\u00fcm\u00fczle girildi. Be\u015fikta\u015f bitime \u00fc\u00e7 bu\u00e7uk dakika kala fark\u0131 7 say\u0131ya indirdi (67-74). Son b\u00f6l\u00fcmde oyuna a\u011f\u0131rl\u0131\u011f\u0131n\u0131 koyan Lorenzo Brown, fark\u0131 tekrar \u00e7ift haneli say\u0131lara \u00e7ekti (67-79). Fenerbah\u00e7e Beko, \u00fcst\u00fcnl\u00fc\u011f\u00fcn\u00fc ma\u00e7 sonuna kadar koruyarak kar\u015f\u0131la\u015fmay\u0131 74-83 kazand\u0131 ve rakibine kar\u015f\u0131 ligdeki galibiyet serisini 21 ma\u00e7a \u00e7\u0131kard\u0131.<\/p>\n\n\n<p><strong>\u00c7eyrek Skorlar\u0131:<\/strong><br \/>1. \u00c7eyrek: 14-27 (Fenerbah\u00e7e Beko)<br \/>2. \u00c7eyrek: 22-27 (Fenerbah\u00e7e Beko)<br \/>3. \u00c7eyrek: 17-11 (Be\u015fikta\u015f) <br \/>4. \u00c7eyrek: 21-18 (Be\u015fikta\u015f)<br \/><br \/><strong>Fenerbah\u00e7e Beko (83):<\/strong> Brown 16, Melih 14, Eddie 13, Ahmet 10, Vesely 9, A.Muhammed 9, Pierre 5, Hamilton 4, Biberovic 3<\/p>","protected":false},"excerpt":{"rendered":"<p>Fenerbah\u00e7e Beko, ING Basketbol S\u00fcper Ligi 2. hafta ma\u00e7\u0131nda Be\u015fikta\u015f\u2019a konuk oldu. Ekibimiz, ilk yar\u0131s\u0131n\u0131 36-54 \u00f6nde tamamlad\u0131\u011f\u0131 kar\u015f\u0131la\u015fmay\u0131 74-83 kazanarak ikide iki yapt\u0131. Tak\u0131m\u0131m\u0131zda Leo Westermann, Edgaras Ulanovas, Nando De Colo ve Danilo Barthel ma\u00e7 kadrosunda yer almad\u0131. Fenerbah\u00e7e Beko kar\u015f\u0131la\u015fmaya Lorenzo Brown, Tar\u0131k Biberovic, Dyshawn Pierre, Jan Vesely, Ahmet D\u00fcverio\u011flu be\u015fiyle ba\u015flad\u0131. M\u00fccadelede [&hellip;]<\/p>\n","protected":false},"author":1,"featured_media":11211,"comment_status":"closed","ping_status":"closed","sticky":false,"template":"","format":"standard","meta":{"jnews-multi-image_gallery":[],"jnews_single_post":{"subtitle":"Fenerbah\u00e7e Erkek Basketbol Tak\u0131m\u0131m\u0131z, Basketbol S\u00fcper Ligi 2. hafta ma\u00e7\u0131nda deplasmanda Be\u015fikta\u015f ile oynad\u0131\u011f\u0131 kar\u015f\u0131la\u015fmay\u0131 74-83 kazanarak ikide iki yapt\u0131.","format":"standard","video":"","gallery":"","source_name":"","source_url":"","via_name":"","via_url":"","override":[{"single_blog_custom":"","sidebar":"","second_sidebar":"","share_position":"","share_float_style":"","post_date_format":"","post_date_format_custom":"","post_reading_time_wpm":"","zoom_button_out_step":"1","zoom_button_in_step":"1","number_popup_post":"1"}],"image_override":[{"single_post_thumbnail_size":"","single_post_gallery_size":""}],"trending_post_position":"","trending_post_label":"","sponsored_post_label":"","sponsored_post_name":"","sponsored_post_url":"","sponsored_post_logo":"","sponsored_post_desc":""},"jnews_primary_category":{"id":"5"},"jnews_social_meta":{"fb_title":"","fb_description":"","fb_image":"","twitter_title":"","twitter_description":"","twitter_image":""},"jnews_override_counter":{"view_counter_number":"0","share_counter_number":"0","like_counter_number":"0","dislike_counter_number":"0"},"footnotes":""},"categories":[5,6,2],"tags":[24,23],"class_list":["post-11209","post","type-post","status-publish","format-standard","has-post-thumbnail","hentry","category-basketbol","category-erkek-basketbol","category-haberler","tag-basketbol","tag-fenerbahce"],"amp_enabled":true,"_links":{"self":[{"href":"https:\/\/www.fener.org\/index.php\/wp-json\/wp\/v2\/posts\/11209","targetHints":{"allow":["GET"]}}],"collection":[{"href":"https:\/\/www.fener.org\/index.php\/wp-json\/wp\/v2\/posts"}],"about":[{"href":"https:\/\/www.fener.org\/index.php\/wp-json\/wp\/v2\/types\/post"}],"author":[{"embeddable":true,"href":"https:\/\/www.fener.org\/index.php\/wp-json\/wp\/v2\/users\/1"}],"replies":[{"embeddable":true,"href":"https:\/\/www.fener.org\/index.php\/wp-json\/wp\/v2\/comments?post=11209"}],"version-history":[{"count":1,"href":"https:\/\/www.fener.org\/index.php\/wp-json\/wp\/v2\/posts\/11209\/revisions"}],"predecessor-version":[{"id":11212,"href":"https:\/\/www.fener.org\/index.php\/wp-json\/wp\/v2\/posts\/11209\/revisions\/11212"}],"wp:featuredmedia":[{"embeddable":true,"href":"https:\/\/www.fener.org\/index.php\/wp-json\/wp\/v2\/media\/11211"}],"wp:attachment":[{"href":"https:\/\/www.fener.org\/index.php\/wp-json\/wp\/v2\/media?parent=11209"}],"wp:term":[{"taxonomy":"category","embeddable":true,"href":"https:\/\/www.fener.org\/index.php\/wp-json\/wp\/v2\/categories?post=11209"},{"taxonomy":"post_tag","embeddable":true,"href":"https:\/\/www.fener.org\/index.php\/wp-json\/wp\/v2\/tags?post=11209"}],"curies":[{"name":"wp","href":"https:\/\/api.w.org\/{rel}","templated":true}]}}