{"id":11189,"date":"2020-10-02T23:14:15","date_gmt":"2020-10-02T20:14:15","guid":{"rendered":"https:\/\/www.fener.org\/?p=11189"},"modified":"2020-10-02T23:14:27","modified_gmt":"2020-10-02T20:14:27","slug":"fenerbahce-fatih-karagumruku-agirliyor","status":"publish","type":"post","link":"https:\/\/www.fener.org\/index.php\/2020\/10\/02\/fenerbahce-fatih-karagumruku-agirliyor\/","title":{"rendered":"Fenerbah\u00e7e, Fatih Karag\u00fcmr\u00fck&#8217;\u00fc a\u011f\u0131rl\u0131yor"},"content":{"rendered":"\n<p>Fenerbah\u00e7emiz, S\u00fcper Lig&#8217;in 4. haftas\u0131nda Fatih Karag\u00fcmr\u00fck&#8217;\u00fc konuk ediyor. Yar\u0131n \u00dclker Stadyumu Fenerbah\u00e7e \u015e\u00fckr\u00fc Saraco\u011flu Spor Kompleksi\u2019nde oynanacak ve saat 19.00&#8217;da ba\u015flayacak kar\u015f\u0131la\u015fmay\u0131 hakem Ya\u015far Kemal U\u011furlu y\u00f6netecek.<\/p>\n\n\n\n<p>Ligde geride kalan 3 haftay\u0131 5 puanla tamamlayan Tak\u0131m\u0131m\u0131z, milli araya 3 puanla girmeyi hedefliyor. Ligin yeni ekiplerinden Fatih Karag\u00fcmr\u00fck ise 7 puanla ligin zirvesinde yer al\u0131yor.&nbsp;<\/p>\n\n\n\n<p>Lige \u00c7aykur Rizespor deplasmanda ald\u0131\u011f\u0131 2-1\u2019lik galibiyetle ba\u015flayan Erol Bulut\u2019un \u00f6\u011frencileri, Ataka\u015f Hatayspor ve Galatasaray ile gols\u00fcz berabere kald\u0131. &nbsp;<\/p>\n","protected":false},"excerpt":{"rendered":"<p>Fenerbah\u00e7emiz, S\u00fcper Lig&#8217;in 4. haftas\u0131nda Fatih Karag\u00fcmr\u00fck&#8217;\u00fc konuk ediyor. Yar\u0131n \u00dclker Stadyumu Fenerbah\u00e7e \u015e\u00fckr\u00fc Saraco\u011flu Spor Kompleksi\u2019nde oynanacak ve saat 19.00&#8217;da ba\u015flayacak kar\u015f\u0131la\u015fmay\u0131 hakem Ya\u015far Kemal U\u011furlu y\u00f6netecek. Ligde geride kalan 3 haftay\u0131 5 puanla tamamlayan Tak\u0131m\u0131m\u0131z, milli araya 3 puanla girmeyi hedefliyor. Ligin yeni ekiplerinden Fatih Karag\u00fcmr\u00fck ise 7 puanla ligin zirvesinde yer al\u0131yor.&nbsp; [&hellip;]<\/p>\n","protected":false},"author":1,"featured_media":11095,"comment_status":"closed","ping_status":"closed","sticky":false,"template":"","format":"standard","meta":{"jnews-multi-image_gallery":[],"jnews_single_post":{"subtitle":"Fenerbah\u00e7e, S\u00fcper Lig'in 4. haftas\u0131nda sahas\u0131nda Fatih Karag\u00fcmr\u00fck ile m\u00fccadele edecek.","format":"standard","video":"","gallery":"","source_name":"","source_url":"","via_name":"","via_url":"","override":[{"single_blog_custom":"","sidebar":"","second_sidebar":"","share_position":"","share_float_style":"","post_date_format":"","post_date_format_custom":"","post_reading_time_wpm":"","zoom_button_out_step":"1","zoom_button_in_step":"1","number_popup_post":"1"}],"image_override":[{"single_post_thumbnail_size":"","single_post_gallery_size":""}],"trending_post_position":"","trending_post_label":"","sponsored_post_label":"","sponsored_post_name":"","sponsored_post_url":"","sponsored_post_logo":"","sponsored_post_desc":""},"jnews_primary_category":{"id":"4"},"jnews_social_meta":{"fb_title":"","fb_description":"","fb_image":"","twitter_title":"","twitter_description":"","twitter_image":""},"jnews_override_counter":{"view_counter_number":"0","share_counter_number":"0","like_counter_number":"0","dislike_counter_number":"0"},"footnotes":""},"categories":[4,2,47],"tags":[23,54],"class_list":["post-11189","post","type-post","status-publish","format-standard","has-post-thumbnail","hentry","category-futbol","category-haberler","category-profesyonel-a-futbol-takimi","tag-fenerbahce","tag-futbol"],"amp_enabled":true,"_links":{"self":[{"href":"https:\/\/www.fener.org\/index.php\/wp-json\/wp\/v2\/posts\/11189","targetHints":{"allow":["GET"]}}],"collection":[{"href":"https:\/\/www.fener.org\/index.php\/wp-json\/wp\/v2\/posts"}],"about":[{"href":"https:\/\/www.fener.org\/index.php\/wp-json\/wp\/v2\/types\/post"}],"author":[{"embeddable":true,"href":"https:\/\/www.fener.org\/index.php\/wp-json\/wp\/v2\/users\/1"}],"replies":[{"embeddable":true,"href":"https:\/\/www.fener.org\/index.php\/wp-json\/wp\/v2\/comments?post=11189"}],"version-history":[{"count":1,"href":"https:\/\/www.fener.org\/index.php\/wp-json\/wp\/v2\/posts\/11189\/revisions"}],"predecessor-version":[{"id":11190,"href":"https:\/\/www.fener.org\/index.php\/wp-json\/wp\/v2\/posts\/11189\/revisions\/11190"}],"wp:featuredmedia":[{"embeddable":true,"href":"https:\/\/www.fener.org\/index.php\/wp-json\/wp\/v2\/media\/11095"}],"wp:attachment":[{"href":"https:\/\/www.fener.org\/index.php\/wp-json\/wp\/v2\/media?parent=11189"}],"wp:term":[{"taxonomy":"category","embeddable":true,"href":"https:\/\/www.fener.org\/index.php\/wp-json\/wp\/v2\/categories?post=11189"},{"taxonomy":"post_tag","embeddable":true,"href":"https:\/\/www.fener.org\/index.php\/wp-json\/wp\/v2\/tags?post=11189"}],"curies":[{"name":"wp","href":"https:\/\/api.w.org\/{rel}","templated":true}]}}