{"id":10948,"date":"2020-08-31T09:19:45","date_gmt":"2020-08-31T06:19:45","guid":{"rendered":"https:\/\/www.fener.org\/?p=10948"},"modified":"2020-08-31T09:19:55","modified_gmt":"2020-08-31T06:19:55","slug":"fenerbahce-the-land-of-legends-cupta-mucadele-edecek","status":"publish","type":"post","link":"https:\/\/www.fener.org\/index.php\/2020\/08\/31\/fenerbahce-the-land-of-legends-cupta-mucadele-edecek\/","title":{"rendered":"Fenerbah\u00e7e, The Land Of Legends Cup&#8217;ta m\u00fccadele edecek"},"content":{"rendered":"\n<p>Fenerbah\u00e7e; yeni sezon haz\u0131rl\u0131klar\u0131 kapsam\u0131nda Be\u015fikta\u015f, Fraport-TAV Antalyaspor ve Demir Grup Sivasspor&#8217;un da kat\u0131ld\u0131\u011f\u0131 The Land Of Legends Cup&#8217;taki ilk ma\u00e7\u0131nda Antalyaspor ile kar\u015f\u0131la\u015facak.<br>\u00a0<br>Bug\u00fcn (31 A\u011fustos Pazartesi g\u00fcn\u00fc) \u00dclker Stadyumu Fenerbah\u00e7e \u015e\u00fckr\u00fc Saraco\u011flu Spor Kompleksi\u2019nde oynanacak m\u00fccadele 21.00\u2019da ba\u015flayacak ve D-Smart\u2019tan canl\u0131 yay\u0131nlanacak.<br>\u00a0<br>Turnuvan\u0131n di\u011fer yar\u0131 final ma\u00e7\u0131nda 1 Eyl\u00fcl Sal\u0131 g\u00fcn\u00fc Be\u015fikta\u015f ile Demir Grup Sivasspor kar\u015f\u0131 kar\u015f\u0131ya gelecek.<br>\u00a0<br>\u0130lk kar\u015f\u0131la\u015fmalar\u0131n\u0131 kazanan tak\u0131mlar 5 Eyl\u00fcl Cumartesi g\u00fcn\u00fc saat 21.00&#8217;da \u00dclker Stadyumu Fenerbah\u00e7e \u015e\u00fckr\u00fc Saraco\u011flu Spor Kompleksi\u2019nde final, kaybedenler 4 Eyl\u00fcl Cuma ayn\u0131 saatte Vodafone Park&#8217;ta \u00fc\u00e7\u00fcnc\u00fcl\u00fck ma\u00e7\u0131 oynayacak.<\/p>\n","protected":false},"excerpt":{"rendered":"<p>Fenerbah\u00e7e; yeni sezon haz\u0131rl\u0131klar\u0131 kapsam\u0131nda Be\u015fikta\u015f, Fraport-TAV Antalyaspor ve Demir Grup Sivasspor&#8217;un da kat\u0131ld\u0131\u011f\u0131 The Land Of Legends Cup&#8217;taki ilk ma\u00e7\u0131nda Antalyaspor ile kar\u015f\u0131la\u015facak.\u00a0Bug\u00fcn (31 A\u011fustos Pazartesi g\u00fcn\u00fc) \u00dclker Stadyumu Fenerbah\u00e7e \u015e\u00fckr\u00fc Saraco\u011flu Spor Kompleksi\u2019nde oynanacak m\u00fccadele 21.00\u2019da ba\u015flayacak ve D-Smart\u2019tan canl\u0131 yay\u0131nlanacak.\u00a0Turnuvan\u0131n di\u011fer yar\u0131 final ma\u00e7\u0131nda 1 Eyl\u00fcl Sal\u0131 g\u00fcn\u00fc Be\u015fikta\u015f ile Demir Grup [&hellip;]<\/p>\n","protected":false},"author":1,"featured_media":10949,"comment_status":"closed","ping_status":"closed","sticky":false,"template":"","format":"standard","meta":{"jnews-multi-image_gallery":[],"jnews_single_post":{"subtitle":"2020-2021 sezonu \u00e7al\u0131\u015fmalar\u0131n\u0131 s\u00fcrd\u00fcren Fenerbah\u00e7emiz, d\u00f6rd\u00fcnc\u00fc haz\u0131rl\u0131k ma\u00e7\u0131na \u00e7\u0131k\u0131yor.","format":"standard","video":"","gallery":"","source_name":"","source_url":"","via_name":"","via_url":"","override":[{"single_blog_custom":"","sidebar":"","second_sidebar":"","share_position":"","share_float_style":"","post_date_format":"","post_date_format_custom":"","post_reading_time_wpm":"","zoom_button_out_step":"1","zoom_button_in_step":"1","number_popup_post":"1"}],"image_override":[{"single_post_thumbnail_size":"","single_post_gallery_size":""}],"trending_post_position":"","trending_post_label":"","sponsored_post_label":"","sponsored_post_name":"","sponsored_post_url":"","sponsored_post_logo":"","sponsored_post_desc":""},"jnews_primary_category":{"id":"4"},"jnews_social_meta":{"fb_title":"","fb_description":"","fb_image":"","twitter_title":"","twitter_description":"","twitter_image":""},"jnews_override_counter":{"view_counter_number":"0","share_counter_number":"0","like_counter_number":"0","dislike_counter_number":"0"},"footnotes":""},"categories":[4,2,47],"tags":[23,54],"class_list":["post-10948","post","type-post","status-publish","format-standard","has-post-thumbnail","hentry","category-futbol","category-haberler","category-profesyonel-a-futbol-takimi","tag-fenerbahce","tag-futbol"],"amp_enabled":true,"_links":{"self":[{"href":"https:\/\/www.fener.org\/index.php\/wp-json\/wp\/v2\/posts\/10948","targetHints":{"allow":["GET"]}}],"collection":[{"href":"https:\/\/www.fener.org\/index.php\/wp-json\/wp\/v2\/posts"}],"about":[{"href":"https:\/\/www.fener.org\/index.php\/wp-json\/wp\/v2\/types\/post"}],"author":[{"embeddable":true,"href":"https:\/\/www.fener.org\/index.php\/wp-json\/wp\/v2\/users\/1"}],"replies":[{"embeddable":true,"href":"https:\/\/www.fener.org\/index.php\/wp-json\/wp\/v2\/comments?post=10948"}],"version-history":[{"count":1,"href":"https:\/\/www.fener.org\/index.php\/wp-json\/wp\/v2\/posts\/10948\/revisions"}],"predecessor-version":[{"id":10950,"href":"https:\/\/www.fener.org\/index.php\/wp-json\/wp\/v2\/posts\/10948\/revisions\/10950"}],"wp:featuredmedia":[{"embeddable":true,"href":"https:\/\/www.fener.org\/index.php\/wp-json\/wp\/v2\/media\/10949"}],"wp:attachment":[{"href":"https:\/\/www.fener.org\/index.php\/wp-json\/wp\/v2\/media?parent=10948"}],"wp:term":[{"taxonomy":"category","embeddable":true,"href":"https:\/\/www.fener.org\/index.php\/wp-json\/wp\/v2\/categories?post=10948"},{"taxonomy":"post_tag","embeddable":true,"href":"https:\/\/www.fener.org\/index.php\/wp-json\/wp\/v2\/tags?post=10948"}],"curies":[{"name":"wp","href":"https:\/\/api.w.org\/{rel}","templated":true}]}}