{"id":10945,"date":"2020-08-30T15:19:17","date_gmt":"2020-08-30T12:19:17","guid":{"rendered":"https:\/\/www.fener.org\/?p=10945"},"modified":"2020-08-30T15:19:25","modified_gmt":"2020-08-30T12:19:25","slug":"fenerbahce-hdi-sigorta-altekma-ile-karsilasiyor","status":"publish","type":"post","link":"https:\/\/www.fener.org\/index.php\/2020\/08\/30\/fenerbahce-hdi-sigorta-altekma-ile-karsilasiyor\/","title":{"rendered":"Fenerbah\u00e7e HDI Sigorta, Altekma ile kar\u015f\u0131la\u015f\u0131yor"},"content":{"rendered":"\n<p>Fenerbah\u00e7e HDI Sigorta, 2020-21 sezonunun ilk resmi ma\u00e7\u0131na \u00e7\u0131k\u0131yor. Tak\u0131m\u0131m\u0131z, Efeler Ligi\u2019nin yeni tak\u0131mlar\u0131ndan Altekma ile AXA Sigorta Kupa Voley A Grubu ilk ma\u00e7\u0131nda kar\u015f\u0131la\u015facak. Burhan Felek Voleybol Salonu\u2019nda oynanacak m\u00fccadele saat 18.30\u2019da ba\u015flayacak ve TRT Spor 2\u2019den naklen yay\u0131nlanacak.<\/p>\n\n\n\n<p>Ge\u00e7ti\u011fimiz sezonun pandemi nedeniyle tamamlanmadan tescil edilmesinin ard\u0131ndan Erkek Voleybol Tak\u0131m\u0131m\u0131z bu sezonu 8 Temmuz\u2019da Derea\u011fz\u0131 Lefter K\u00fc\u00e7\u00fckandonyadis Tesislerimizde yapt\u0131\u011f\u0131 antrenmanla a\u00e7t\u0131.<\/p>\n\n\n\n<p>\u00c7al\u0131\u015fmalar\u0131n\u0131n \u0130stanbul etab\u0131n\u0131n ard\u0131ndan 13 Temmuz\u2019da Serkan Acar Resort&amp;Sports Topuk Yaylas\u0131 Tesislerimize giden Ba\u015fantren\u00f6r\u00fcm\u00fcz Erkan To\u011fan y\u00f6netimindeki Tak\u0131m\u0131m\u0131z 1 haftal\u0131k kamp ger\u00e7ekle\u015ftirdi. Ard\u0131ndan \u0130stanbul\u2019a d\u00f6nen Tak\u0131m\u0131m\u0131z, yeni sezon \u00e7al\u0131\u015fmalar\u0131na burada devam etti.<\/p>\n\n\n\n<p>Yeni sezon \u00f6ncesi yapt\u0131\u011f\u0131 transferlerle kadrosunu g\u00fc\u00e7lendiren Fenerbah\u00e7e HDI Sigorta Erkek Voleybol Tak\u0131m\u0131m\u0131z, sma\u00e7\u00f6r Nicholas Hoag, orta oyuncu Graham Vigrass, libero Hasan Ye\u015filbudak, pas\u00f6r Caner Pek\u015fen ve altyap\u0131m\u0131zda yeti\u015fen pas\u00f6r \u00e7apraz\u0131 Metin Toy\u2019la s\u00f6zle\u015fme imzalad\u0131. \u00d6te yandan ge\u00e7ti\u011fimiz sezon formam\u0131z\u0131 giyen ba\u015far\u0131l\u0131 sporcular\u0131m\u0131zdan Emre Batur ve Hasan S\u0131kar ile s\u00f6zle\u015fmelerimiz yenilenirken, ge\u00e7en sezon farkl\u0131 bir tak\u0131mda g\u00f6rev alan orta oyuncumuz Halil \u0130brahim Kurt da bu sezon tak\u0131m\u0131m\u0131z\u0131n formas\u0131n\u0131 giyecek.<\/p>\n\n\n\n<p>AXA Sigorta Kupa Voley\u2019de gruplar\u0131nda \u00e7\u0131kacaklar\u0131 3 ma\u00e7 sonucu ilk 2 s\u0131ray\u0131 alan ekipler isimlerini son 8 tak\u0131m aras\u0131na yazd\u0131racak.<\/p>\n","protected":false},"excerpt":{"rendered":"<p>Fenerbah\u00e7e HDI Sigorta, 2020-21 sezonunun ilk resmi ma\u00e7\u0131na \u00e7\u0131k\u0131yor. Tak\u0131m\u0131m\u0131z, Efeler Ligi\u2019nin yeni tak\u0131mlar\u0131ndan Altekma ile AXA Sigorta Kupa Voley A Grubu ilk ma\u00e7\u0131nda kar\u015f\u0131la\u015facak. Burhan Felek Voleybol Salonu\u2019nda oynanacak m\u00fccadele saat 18.30\u2019da ba\u015flayacak ve TRT Spor 2\u2019den naklen yay\u0131nlanacak. Ge\u00e7ti\u011fimiz sezonun pandemi nedeniyle tamamlanmadan tescil edilmesinin ard\u0131ndan Erkek Voleybol Tak\u0131m\u0131m\u0131z bu sezonu 8 Temmuz\u2019da [&hellip;]<\/p>\n","protected":false},"author":1,"featured_media":10946,"comment_status":"closed","ping_status":"closed","sticky":false,"template":"","format":"standard","meta":{"jnews-multi-image_gallery":[],"jnews_single_post":{"subtitle":"Fenerbah\u00e7e Erkek Voleybol Tak\u0131m\u0131m\u0131z, 2020-21 sezonunun ilk resmi ma\u00e7\u0131nda, Efeler Ligi\u2019nin yeni tak\u0131mlar\u0131ndan Altekma ile kar\u015f\u0131la\u015f\u0131yor.","format":"standard","video":"","gallery":"","source_name":"","source_url":"","via_name":"","via_url":"","override":[{"single_blog_custom":"","sidebar":"","second_sidebar":"","share_position":"","share_float_style":"","post_date_format":"","post_date_format_custom":"","post_reading_time_wpm":"","zoom_button_out_step":"1","zoom_button_in_step":"1","number_popup_post":"1"}],"image_override":[{"single_post_thumbnail_size":"","single_post_gallery_size":""}],"trending_post_position":"","trending_post_label":"","sponsored_post_label":"","sponsored_post_name":"","sponsored_post_url":"","sponsored_post_logo":"","sponsored_post_desc":""},"jnews_primary_category":{"id":"8"},"jnews_social_meta":{"fb_title":"","fb_description":"","fb_image":"","twitter_title":"","twitter_description":"","twitter_image":""},"jnews_override_counter":{"view_counter_number":"0","share_counter_number":"0","like_counter_number":"0","dislike_counter_number":"0"},"footnotes":""},"categories":[9,2,8],"tags":[23,29],"class_list":["post-10945","post","type-post","status-publish","format-standard","has-post-thumbnail","hentry","category-erkek-voleybol","category-haberler","category-voleybol","tag-fenerbahce","tag-voleybol"],"amp_enabled":true,"_links":{"self":[{"href":"https:\/\/www.fener.org\/index.php\/wp-json\/wp\/v2\/posts\/10945","targetHints":{"allow":["GET"]}}],"collection":[{"href":"https:\/\/www.fener.org\/index.php\/wp-json\/wp\/v2\/posts"}],"about":[{"href":"https:\/\/www.fener.org\/index.php\/wp-json\/wp\/v2\/types\/post"}],"author":[{"embeddable":true,"href":"https:\/\/www.fener.org\/index.php\/wp-json\/wp\/v2\/users\/1"}],"replies":[{"embeddable":true,"href":"https:\/\/www.fener.org\/index.php\/wp-json\/wp\/v2\/comments?post=10945"}],"version-history":[{"count":1,"href":"https:\/\/www.fener.org\/index.php\/wp-json\/wp\/v2\/posts\/10945\/revisions"}],"predecessor-version":[{"id":10947,"href":"https:\/\/www.fener.org\/index.php\/wp-json\/wp\/v2\/posts\/10945\/revisions\/10947"}],"wp:featuredmedia":[{"embeddable":true,"href":"https:\/\/www.fener.org\/index.php\/wp-json\/wp\/v2\/media\/10946"}],"wp:attachment":[{"href":"https:\/\/www.fener.org\/index.php\/wp-json\/wp\/v2\/media?parent=10945"}],"wp:term":[{"taxonomy":"category","embeddable":true,"href":"https:\/\/www.fener.org\/index.php\/wp-json\/wp\/v2\/categories?post=10945"},{"taxonomy":"post_tag","embeddable":true,"href":"https:\/\/www.fener.org\/index.php\/wp-json\/wp\/v2\/tags?post=10945"}],"curies":[{"name":"wp","href":"https:\/\/api.w.org\/{rel}","templated":true}]}}