{"id":10936,"date":"2020-08-28T19:46:37","date_gmt":"2020-08-28T16:46:37","guid":{"rendered":"https:\/\/www.fener.org\/?p=10936"},"modified":"2020-08-28T19:46:47","modified_gmt":"2020-08-28T16:46:47","slug":"fenerbahce-alanyasporla-karsilasti","status":"publish","type":"post","link":"https:\/\/www.fener.org\/index.php\/2020\/08\/28\/fenerbahce-alanyasporla-karsilasti\/","title":{"rendered":"Fenerbah\u00e7e, Alanyaspor&#8217;la kar\u015f\u0131la\u015ft\u0131"},"content":{"rendered":"\n<p>2020-2021 sezonu haz\u0131rl\u0131klar\u0131n\u0131 Topuk Yaylas\u0131 Tesisleri&#8217;nde s\u00fcrd\u00fcren Fenerbah\u00e7emiz, kamp\u0131n son g\u00fcn\u00fcnde \u00fc\u00e7\u00fcnc\u00fc haz\u0131rl\u0131k ma\u00e7\u0131n\u0131 S\u00fcper Lig ekiplerinden Alanyaspor\u2019la oynad\u0131.<br>\u00a0<br>M\u00fccadele 1-1 e\u015fitlikle tamamland\u0131. Fenerbah\u00e7emizin gol\u00fcn\u00fc 38. dakikada Ferdi Kad\u0131o\u011flu kaydederken; Alanyaspor\u2019un gol\u00fcn\u00fc ise 5. dakikada Salih U\u00e7an att\u0131.<br>\u00a0<br>Kar\u015f\u0131la\u015fma Fenerbah\u00e7e YouTube Kat\u0131l\u2019dan canl\u0131 olarak yay\u0131nland\u0131.<br>\u00a0<br>Yeni transferlerimizden Sinan G\u00fcm\u00fc\u015f de bu sezon ilk kez bir kar\u015f\u0131la\u015fmada formam\u0131z\u0131 giydi.<br>\u00a0<br>Teknik Direkt\u00f6r\u00fcm\u00fcz Erol Bulut y\u00f6netimindeki Tak\u0131m\u0131m\u0131z m\u00fcsabakan\u0131n ilk yar\u0131s\u0131na Altay Bay\u0131nd\u0131r, G\u00f6khan G\u00f6n\u00fcl, Zanka, Sad\u0131k \u00c7iftp\u0131nar, Caner Erkin, Tolga Ci\u011ferci, Luiz Gustavo, Deniz T\u00fcr\u00fc\u00e7, Mert Hakan Yanda\u015f, Ferdi Kad\u0131o\u011flu, Mame Thiam 11\u2019iyle ba\u015flad\u0131.<br>\u00a0<br>5. dakikada Salih U\u00e7an\u2019\u0131n ceza sahas\u0131 d\u0131\u015f\u0131 sol taraf\u0131ndan kulland\u0131\u011f\u0131 serbest vuru\u015fta do\u011frudan kaleye g\u00f6nderdi\u011fi top filelerle bulu\u015ftu: 0-1.<br>\u00a0<br>37. dakikada sa\u011f kanattan geli\u015fen Fenerbah\u00e7e ata\u011f\u0131nda Ferdi2nin pas\u0131yla son \u00e7izgide topla bulu\u015fan Mert Hakan ceza sahas\u0131na \u00e7evirdi. M\u00fcsait durumdaki Thiam\u2019\u0131n yerden \u015futunda top savunmadan d\u00f6nd\u00fc.<br>\u00a0<br>38. dakikada Caner\u2019in pas\u0131nda ceza sahas\u0131 \u00f6n \u00e7izgisinde kaleye s\u0131rt\u0131 d\u00f6n\u00fck \u015fekilde topla bulu\u015fan Thiam, ceza yay\u0131ndaki Ferdi\u2019yi g\u00f6rd\u00fc. Gen\u00e7 futbolcunun \u015futunda top k\u00f6\u015feden filelerle bulu\u015ftu: 1-1.<br>\u00a0<br>Kar\u015f\u0131la\u015fman\u0131n ilk yar\u0131s\u0131 1-1 tamamland\u0131.<br>\u00a0<br>\u0130kinci yar\u0131 Sad\u0131k \u00c7iftp\u0131nar, Tolga Ci\u011ferci, Deniz T\u00fcr\u00fc\u00e7 ve Mame Thiam oyundan \u00e7\u0131karken; Serdar Aziz, Ozan Tufan, Garry Rodrigues, Michael Frey oyuna dahil oldu.<br>\u00a0<br>62. dakikada h\u0131zl\u0131 geli\u015fen atakta sa\u011f kanatta Ferdi\u2019den ald\u0131\u0131 pasta topu ceza sahas\u0131ndaki Frey\u2019le bulu\u015fturmak isteyen Mert Hakan2\u0131n ortas\u0131nda top direkten d\u00f6nd\u00fc. \u0130svi\u00e7reli forvet d\u00f6nen topu tamamlamak istedi ancak top kaleciden d\u00f6nd\u00fc.<br>\u00a0<br>63. dakikada Altay Bay\u0131nd\u0131r, Garry Rodrigues, Luiz Gustavo oyundan \u00e7\u0131karken; Harun Tekin, Miha Zajc, Jailson oyuna girdi. 67. dakikada Mert Hakan Yanda\u015f\u2019\u0131n yerine Sinan G\u00fcm\u00fc\u015f, 71. dakikada ise G\u00f6khan G\u00f6n\u00fcl\u2019\u00fcn yerine Murat Sa\u011flam oyuna dahil oldu.<br>\u00a0<br>Kar\u015f\u0131la\u015fmada ba\u015fka gol olmad\u0131 ve m\u00fccadele 1-1 e\u015fitlikle tamamland\u0131.<br>\u00a0<br>Bu kar\u015f\u0131la\u015fmayla 10 g\u00fcnl\u00fck Topuk Yaylas\u0131 kamp\u0131n\u0131 tamamlayan Fenerbah\u00e7emiz, yeni sezon haz\u0131rl\u0131klar\u0131na \u0130stanbul\u2019da devam edecek.<\/p>\n","protected":false},"excerpt":{"rendered":"<p>2020-2021 sezonu haz\u0131rl\u0131klar\u0131n\u0131 Topuk Yaylas\u0131 Tesisleri&#8217;nde s\u00fcrd\u00fcren Fenerbah\u00e7emiz, kamp\u0131n son g\u00fcn\u00fcnde \u00fc\u00e7\u00fcnc\u00fc haz\u0131rl\u0131k ma\u00e7\u0131n\u0131 S\u00fcper Lig ekiplerinden Alanyaspor\u2019la oynad\u0131.\u00a0M\u00fccadele 1-1 e\u015fitlikle tamamland\u0131. Fenerbah\u00e7emizin gol\u00fcn\u00fc 38. dakikada Ferdi Kad\u0131o\u011flu kaydederken; Alanyaspor\u2019un gol\u00fcn\u00fc ise 5. dakikada Salih U\u00e7an att\u0131.\u00a0Kar\u015f\u0131la\u015fma Fenerbah\u00e7e YouTube Kat\u0131l\u2019dan canl\u0131 olarak yay\u0131nland\u0131.\u00a0Yeni transferlerimizden Sinan G\u00fcm\u00fc\u015f de bu sezon ilk kez bir kar\u015f\u0131la\u015fmada formam\u0131z\u0131 giydi.\u00a0Teknik [&hellip;]<\/p>\n","protected":false},"author":1,"featured_media":10937,"comment_status":"closed","ping_status":"closed","sticky":false,"template":"","format":"standard","meta":{"jnews-multi-image_gallery":[],"jnews_single_post":{"subtitle":"2020-2021 sezonu haz\u0131rl\u0131klar\u0131 s\u00fcrd\u00fcren Fenerbah\u00e7e, S\u00fcper Lig ekiplerinden Alanyaspor\u2019la oynad\u0131\u011f\u0131 haz\u0131rl\u0131k ma\u00e7\u0131ndan 1-1'lik e\u015fitlikle ayr\u0131ld\u0131.","format":"standard","video":"","gallery":"","source_name":"","source_url":"","via_name":"","via_url":"","override":[{"single_blog_custom":"","sidebar":"","second_sidebar":"","share_position":"","share_float_style":"","post_date_format":"","post_date_format_custom":"","post_reading_time_wpm":"","zoom_button_out_step":"1","zoom_button_in_step":"1","number_popup_post":"1"}],"image_override":[{"single_post_thumbnail_size":"","single_post_gallery_size":""}],"trending_post_position":"","trending_post_label":"","sponsored_post_label":"","sponsored_post_name":"","sponsored_post_url":"","sponsored_post_logo":"","sponsored_post_desc":""},"jnews_primary_category":{"id":"4"},"jnews_social_meta":{"fb_title":"","fb_description":"","fb_image":"","twitter_title":"","twitter_description":"","twitter_image":""},"jnews_override_counter":{"view_counter_number":"0","share_counter_number":"0","like_counter_number":"0","dislike_counter_number":"0"},"footnotes":""},"categories":[4,2,47],"tags":[23,54],"class_list":["post-10936","post","type-post","status-publish","format-standard","has-post-thumbnail","hentry","category-futbol","category-haberler","category-profesyonel-a-futbol-takimi","tag-fenerbahce","tag-futbol"],"amp_enabled":true,"_links":{"self":[{"href":"https:\/\/www.fener.org\/index.php\/wp-json\/wp\/v2\/posts\/10936","targetHints":{"allow":["GET"]}}],"collection":[{"href":"https:\/\/www.fener.org\/index.php\/wp-json\/wp\/v2\/posts"}],"about":[{"href":"https:\/\/www.fener.org\/index.php\/wp-json\/wp\/v2\/types\/post"}],"author":[{"embeddable":true,"href":"https:\/\/www.fener.org\/index.php\/wp-json\/wp\/v2\/users\/1"}],"replies":[{"embeddable":true,"href":"https:\/\/www.fener.org\/index.php\/wp-json\/wp\/v2\/comments?post=10936"}],"version-history":[{"count":1,"href":"https:\/\/www.fener.org\/index.php\/wp-json\/wp\/v2\/posts\/10936\/revisions"}],"predecessor-version":[{"id":10938,"href":"https:\/\/www.fener.org\/index.php\/wp-json\/wp\/v2\/posts\/10936\/revisions\/10938"}],"wp:featuredmedia":[{"embeddable":true,"href":"https:\/\/www.fener.org\/index.php\/wp-json\/wp\/v2\/media\/10937"}],"wp:attachment":[{"href":"https:\/\/www.fener.org\/index.php\/wp-json\/wp\/v2\/media?parent=10936"}],"wp:term":[{"taxonomy":"category","embeddable":true,"href":"https:\/\/www.fener.org\/index.php\/wp-json\/wp\/v2\/categories?post=10936"},{"taxonomy":"post_tag","embeddable":true,"href":"https:\/\/www.fener.org\/index.php\/wp-json\/wp\/v2\/tags?post=10936"}],"curies":[{"name":"wp","href":"https:\/\/api.w.org\/{rel}","templated":true}]}}