{"id":10932,"date":"2020-08-27T23:36:16","date_gmt":"2020-08-27T20:36:16","guid":{"rendered":"https:\/\/www.fener.org\/?p=10932"},"modified":"2020-08-27T23:36:26","modified_gmt":"2020-08-27T20:36:26","slug":"trabzonspora-bir-ret-daha","status":"publish","type":"post","link":"https:\/\/www.fener.org\/index.php\/2020\/08\/27\/trabzonspora-bir-ret-daha\/","title":{"rendered":"Trabzonspor&#8217;a bir ret daha"},"content":{"rendered":"\n<p>Fenerbah\u00e7e, \u0130svi\u00e7re Federal Mahkemesi&#8217;nin 2010-11 sezonuyla ilgili Trabzonspor&#8217;un itiraz\u0131n\u0131 reddetti\u011fini ve kendilerine 17 bin \u0130svi\u00e7re Frang\u0131 tazminat \u00f6demelerine karar verildi\u011fini a\u00e7\u0131klad\u0131.<\/p>\n\n\n\n<p>Kul\u00fcb\u00fcm\u00fcz\u00fcn resmi sitesinde konuyla ilgili yay\u0131nlanan bilgilendirme \u015f\u00f6yle:<\/p>\n\n\n\n<blockquote class=\"wp-block-quote is-layout-flow wp-block-quote-is-layout-flow\"><p>FET\u00d6 kumpas\u0131 oldu\u011fu t\u00fcm netli\u011fiyle ortaya \u00e7\u0131kan \u2018Futbolda S\u00f6zde \u015eike Davas\u0131\u2019 ile ilgili Trabzonspor Kul\u00fcb\u00fc&#8217;n\u00fcn, Temmuz 2017\u2019de FIFA nezdinde ba\u015flatm\u0131\u015f oldu\u011fu, verilen karar \u00fczerine Spor Tahkim Mahkemesi\u2019ne (CAS) ta\u015f\u0131d\u0131\u011f\u0131 ve 30.07.2019 tarihinde CAS\u2019\u0131n da yap\u0131lan ba\u015fvuruyu reddetmesi ile Trabzonspor&#8217;un bu kez \u0130svi\u00e7re Federal Mahkemesi\u2019ne yapt\u0131\u011f\u0131 itiraz ba\u015fvurusu, reddedilmi\u015ftir.<\/p><p>\u0130svi\u00e7re Federal Mahkemesi, b\u00fcy\u00fck \u00f6nem vererek bu dosyay\u0131 ele alm\u0131\u015f ve normal \u015fartlar alt\u0131nda 3 hakim ile karar vermekte iken bu davada ileri s\u00fcr\u00fclen arg\u00fcmanlar hakk\u0131nda 5 hakim ile inceleme yaparak karar vermi\u015ftir. Yine bu dava ge\u00e7ti\u011fimiz sene nihayete eren ve spor camias\u0131nda Pechstein &amp; Mutu davas\u0131 olarak bilinen bir di\u011fer \u00f6nemli dava sonras\u0131nda, \u0130svi\u00e7re Federal Mahkemesi taraf\u0131ndan bir CAS yarg\u0131lamas\u0131na ili\u015fkin adil yarg\u0131lanma hakk\u0131 bak\u0131m\u0131ndan inceleme yap\u0131lan ilk dava olmu\u015ftur.<\/p><p>Bu bak\u0131mdan da \u00f6nem arz etmekle birlikte sonu\u00e7 olarak; Trabzonspor taraf\u0131ndan ileri s\u00fcr\u00fclen t\u00fcm gerek\u00e7eler reddedilmi\u015f ve Trabzonspor taraf\u0131ndan Kul\u00fcb\u00fcm\u00fcze 17.000.-CHF tutar\u0131nda tazminat \u00f6denmesine karar verilmi\u015ftir.<\/p><p>Bu sonu\u00e7la Fenerbah\u00e7emizin al\u0131n teri ile kazand\u0131\u011f\u0131 2010-2011 sezonu \u015fampiyonlu\u011fu \u2018<strong>bir kez daha<\/strong>\u2019 tescillenmi\u015ftir.<\/p><p>T\u00fcm camiam\u0131z\u0131n ve spor kamuoyunun bilgisine sunar\u0131z.<\/p><p><strong>Fenerbah\u00e7e Spor Kul\u00fcb\u00fc<\/strong><\/p><\/blockquote>\n","protected":false},"excerpt":{"rendered":"<p>Fenerbah\u00e7e, \u0130svi\u00e7re Federal Mahkemesi&#8217;nin 2010-11 sezonuyla ilgili Trabzonspor&#8217;un itiraz\u0131n\u0131 reddetti\u011fini ve kendilerine 17 bin \u0130svi\u00e7re Frang\u0131 tazminat \u00f6demelerine karar verildi\u011fini a\u00e7\u0131klad\u0131. Kul\u00fcb\u00fcm\u00fcz\u00fcn resmi sitesinde konuyla ilgili yay\u0131nlanan bilgilendirme \u015f\u00f6yle: FET\u00d6 kumpas\u0131 oldu\u011fu t\u00fcm netli\u011fiyle ortaya \u00e7\u0131kan \u2018Futbolda S\u00f6zde \u015eike Davas\u0131\u2019 ile ilgili Trabzonspor Kul\u00fcb\u00fc&#8217;n\u00fcn, Temmuz 2017\u2019de FIFA nezdinde ba\u015flatm\u0131\u015f oldu\u011fu, verilen karar \u00fczerine Spor Tahkim [&hellip;]<\/p>\n","protected":false},"author":1,"featured_media":10933,"comment_status":"closed","ping_status":"closed","sticky":false,"template":"","format":"standard","meta":{"jnews-multi-image_gallery":[],"jnews_single_post":{"subtitle":"Fenerbah\u00e7e, Trabzonspor'un 2010-11 sezonu i\u00e7in \u0130svi\u00e7re Federal Mahkemesi'ne yapt\u0131\u011f\u0131 itiraz\u0131n reddedildi\u011fini a\u00e7\u0131klad\u0131.","format":"standard","video":"","gallery":"","source_name":"","source_url":"","via_name":"","via_url":"","override":[{"single_blog_custom":"","sidebar":"","second_sidebar":"","share_position":"","share_float_style":"","post_date_format":"","post_date_format_custom":"","post_reading_time_wpm":"","zoom_button_out_step":"1","zoom_button_in_step":"1","number_popup_post":"1"}],"image_override":[{"single_post_thumbnail_size":"","single_post_gallery_size":""}],"trending_post_position":"","trending_post_label":"","sponsored_post_label":"","sponsored_post_name":"","sponsored_post_url":"","sponsored_post_logo":"","sponsored_post_desc":""},"jnews_primary_category":{"id":"3"},"jnews_social_meta":{"fb_title":"","fb_description":"","fb_image":"","twitter_title":"","twitter_description":"","twitter_image":""},"jnews_override_counter":{"view_counter_number":"0","share_counter_number":"0","like_counter_number":"0","dislike_counter_number":"0"},"footnotes":""},"categories":[2,3],"tags":[23],"class_list":["post-10932","post","type-post","status-publish","format-standard","has-post-thumbnail","hentry","category-haberler","category-kulup","tag-fenerbahce"],"amp_enabled":true,"_links":{"self":[{"href":"https:\/\/www.fener.org\/index.php\/wp-json\/wp\/v2\/posts\/10932","targetHints":{"allow":["GET"]}}],"collection":[{"href":"https:\/\/www.fener.org\/index.php\/wp-json\/wp\/v2\/posts"}],"about":[{"href":"https:\/\/www.fener.org\/index.php\/wp-json\/wp\/v2\/types\/post"}],"author":[{"embeddable":true,"href":"https:\/\/www.fener.org\/index.php\/wp-json\/wp\/v2\/users\/1"}],"replies":[{"embeddable":true,"href":"https:\/\/www.fener.org\/index.php\/wp-json\/wp\/v2\/comments?post=10932"}],"version-history":[{"count":2,"href":"https:\/\/www.fener.org\/index.php\/wp-json\/wp\/v2\/posts\/10932\/revisions"}],"predecessor-version":[{"id":10935,"href":"https:\/\/www.fener.org\/index.php\/wp-json\/wp\/v2\/posts\/10932\/revisions\/10935"}],"wp:featuredmedia":[{"embeddable":true,"href":"https:\/\/www.fener.org\/index.php\/wp-json\/wp\/v2\/media\/10933"}],"wp:attachment":[{"href":"https:\/\/www.fener.org\/index.php\/wp-json\/wp\/v2\/media?parent=10932"}],"wp:term":[{"taxonomy":"category","embeddable":true,"href":"https:\/\/www.fener.org\/index.php\/wp-json\/wp\/v2\/categories?post=10932"},{"taxonomy":"post_tag","embeddable":true,"href":"https:\/\/www.fener.org\/index.php\/wp-json\/wp\/v2\/tags?post=10932"}],"curies":[{"name":"wp","href":"https:\/\/api.w.org\/{rel}","templated":true}]}}