{"id":10930,"date":"2020-08-27T23:16:52","date_gmt":"2020-08-27T20:16:52","guid":{"rendered":"https:\/\/www.fener.org\/?p=10930"},"modified":"2020-08-27T23:17:02","modified_gmt":"2020-08-27T20:17:02","slug":"fenerbahceden-bankalar-birligi-aciklamasi","status":"publish","type":"post","link":"https:\/\/www.fener.org\/index.php\/2020\/08\/27\/fenerbahceden-bankalar-birligi-aciklamasi\/","title":{"rendered":"Fenerbah\u00e7e&#8217;den Bankalar Birli\u011fi a\u00e7\u0131klamas\u0131"},"content":{"rendered":"\n<p>Fenerbah\u00e7e, Bankalar Birli\u011fi ile anla\u015fmaya var\u0131ld\u0131\u011f\u0131 y\u00f6n\u00fcndeki iddialar\u0131 yalanlad\u0131.<\/p>\n\n\n\n<p>Fenerbah\u00e7e&#8217;den yap\u0131lan a\u00e7\u0131klama \u015f\u00f6yle:<\/p>\n\n\n\n<blockquote class=\"wp-block-quote is-layout-flow wp-block-quote-is-layout-flow\"><p>Son birka\u00e7 g\u00fcnd\u00fcr, baz\u0131 mecralarda Kul\u00fcb\u00fcm\u00fcz\u00fcn Bankalar Birli\u011fi ile anla\u015fma sa\u011flad\u0131\u011f\u0131 ile ilgili haberler yer ald\u0131\u011f\u0131n\u0131 ve anla\u015fma detaylar\u0131na dair bilgiler payla\u015f\u0131ld\u0131\u011f\u0131n\u0131 takip ediyoruz.<\/p><p>\u00d6ncelikle bu haberlerin ve haberlerde yer alan detaylar\u0131n ger\u00e7e\u011fi yans\u0131tmad\u0131\u011f\u0131n\u0131 vurguluyor;<\/p><p>Kul\u00fcb\u00fcm\u00fcz\u00fcn, Bankalar Birli\u011fi ile g\u00f6r\u00fc\u015fmelerinin devam etmekte oldu\u011funu, \u015fu an i\u00e7in imzalanm\u0131\u015f bir anla\u015fman\u0131n s\u00f6z konusu olmad\u0131\u011f\u0131n\u0131, g\u00f6r\u00fc\u015fmeler neticelendi\u011finde Kul\u00fcb\u00fcm\u00fcz taraf\u0131ndan a\u00e7\u0131klama yap\u0131laca\u011f\u0131n\u0131 kamuoyunun bilgisine sunuyoruz.<\/p><p><strong>FENERBAH\u00c7E SPOR KUL\u00dcB\u00dc<\/strong><\/p><\/blockquote>\n","protected":false},"excerpt":{"rendered":"<p>Fenerbah\u00e7e, Bankalar Birli\u011fi ile anla\u015fmaya var\u0131ld\u0131\u011f\u0131 y\u00f6n\u00fcndeki iddialar\u0131 yalanlad\u0131. Fenerbah\u00e7e&#8217;den yap\u0131lan a\u00e7\u0131klama \u015f\u00f6yle: Son birka\u00e7 g\u00fcnd\u00fcr, baz\u0131 mecralarda Kul\u00fcb\u00fcm\u00fcz\u00fcn Bankalar Birli\u011fi ile anla\u015fma sa\u011flad\u0131\u011f\u0131 ile ilgili haberler yer ald\u0131\u011f\u0131n\u0131 ve anla\u015fma detaylar\u0131na dair bilgiler payla\u015f\u0131ld\u0131\u011f\u0131n\u0131 takip ediyoruz. \u00d6ncelikle bu haberlerin ve haberlerde yer alan detaylar\u0131n ger\u00e7e\u011fi yans\u0131tmad\u0131\u011f\u0131n\u0131 vurguluyor; Kul\u00fcb\u00fcm\u00fcz\u00fcn, Bankalar Birli\u011fi ile g\u00f6r\u00fc\u015fmelerinin devam etmekte [&hellip;]<\/p>\n","protected":false},"author":1,"featured_media":1378,"comment_status":"closed","ping_status":"closed","sticky":false,"template":"","format":"standard","meta":{"jnews-multi-image_gallery":[],"jnews_single_post":{"subtitle":"Fenerbah\u00e7e, Bankalar Birli\u011fi ile anla\u015fma sa\u011fland\u0131\u011f\u0131 ile ilgili haberler konusunda a\u00e7\u0131klama yapt\u0131. ","format":"standard","video":"","gallery":"","source_name":"","source_url":"","via_name":"","via_url":"","override":[{"single_blog_custom":"","sidebar":"","second_sidebar":"","share_position":"","share_float_style":"","post_date_format":"","post_date_format_custom":"","post_reading_time_wpm":"","zoom_button_out_step":"1","zoom_button_in_step":"1","number_popup_post":"1"}],"image_override":[{"single_post_thumbnail_size":"","single_post_gallery_size":""}],"trending_post_position":"","trending_post_label":"","sponsored_post_label":"","sponsored_post_name":"","sponsored_post_url":"","sponsored_post_logo":"","sponsored_post_desc":""},"jnews_primary_category":{"id":"3"},"jnews_social_meta":{"fb_title":"","fb_description":"","fb_image":"","twitter_title":"","twitter_description":"","twitter_image":""},"jnews_override_counter":{"view_counter_number":"0","share_counter_number":"0","like_counter_number":"0","dislike_counter_number":"0"},"footnotes":""},"categories":[2,3],"tags":[23],"class_list":["post-10930","post","type-post","status-publish","format-standard","has-post-thumbnail","hentry","category-haberler","category-kulup","tag-fenerbahce"],"amp_enabled":true,"_links":{"self":[{"href":"https:\/\/www.fener.org\/index.php\/wp-json\/wp\/v2\/posts\/10930","targetHints":{"allow":["GET"]}}],"collection":[{"href":"https:\/\/www.fener.org\/index.php\/wp-json\/wp\/v2\/posts"}],"about":[{"href":"https:\/\/www.fener.org\/index.php\/wp-json\/wp\/v2\/types\/post"}],"author":[{"embeddable":true,"href":"https:\/\/www.fener.org\/index.php\/wp-json\/wp\/v2\/users\/1"}],"replies":[{"embeddable":true,"href":"https:\/\/www.fener.org\/index.php\/wp-json\/wp\/v2\/comments?post=10930"}],"version-history":[{"count":1,"href":"https:\/\/www.fener.org\/index.php\/wp-json\/wp\/v2\/posts\/10930\/revisions"}],"predecessor-version":[{"id":10931,"href":"https:\/\/www.fener.org\/index.php\/wp-json\/wp\/v2\/posts\/10930\/revisions\/10931"}],"wp:featuredmedia":[{"embeddable":true,"href":"https:\/\/www.fener.org\/index.php\/wp-json\/wp\/v2\/media\/1378"}],"wp:attachment":[{"href":"https:\/\/www.fener.org\/index.php\/wp-json\/wp\/v2\/media?parent=10930"}],"wp:term":[{"taxonomy":"category","embeddable":true,"href":"https:\/\/www.fener.org\/index.php\/wp-json\/wp\/v2\/categories?post=10930"},{"taxonomy":"post_tag","embeddable":true,"href":"https:\/\/www.fener.org\/index.php\/wp-json\/wp\/v2\/tags?post=10930"}],"curies":[{"name":"wp","href":"https:\/\/api.w.org\/{rel}","templated":true}]}}