{"id":10923,"date":"2020-08-26T22:35:46","date_gmt":"2020-08-26T19:35:46","guid":{"rendered":"https:\/\/www.fener.org\/?p=10923"},"modified":"2020-08-26T22:35:57","modified_gmt":"2020-08-26T19:35:57","slug":"fenerbahce-gunu-cift-antrenmanla-tamamladi-2","status":"publish","type":"post","link":"https:\/\/www.fener.org\/index.php\/2020\/08\/26\/fenerbahce-gunu-cift-antrenmanla-tamamladi-2\/","title":{"rendered":"Fenerbah\u00e7e g\u00fcn\u00fc \u00e7ift antrenmanla tamamlad\u0131"},"content":{"rendered":"\n<p>Yeni sezon haz\u0131rl\u0131klar\u0131n\u0131 Topuk Yaylas\u0131 Tesisleri\u2019nde s\u00fcrd\u00fcren Fenerbah\u00e7emiz, g\u00fcn\u00fc \u00e7ift antrenmanla tamamlad\u0131. Yeni transferimiz Uruguayl\u0131 stoper Mauricio Lemos da kampa kat\u0131ld\u0131, teknik heyetimiz ve futbolcular\u0131m\u0131zla tan\u0131\u015ft\u0131.<br>\u00a0<br>Teknik Direkt\u00f6r\u00fcm\u00fcz Erol Bulut y\u00f6netiminde ger\u00e7ekle\u015ftirilen g\u00fcn\u00fcn ikinci antrenman\u0131 saat 17.30\u2019da \u0131s\u0131nma ve koordinasyon \u00e7al\u0131\u015fmalar\u0131yla ba\u015flad\u0131. Pas \u00e7al\u0131\u015fmalar\u0131yla s\u00fcren idman; taktiksel ve bireysel \u00e7al\u0131\u015fmalarla tamamland\u0131.<br>\u00a0<br>Fenerbah\u00e7emiz yeni sezon haz\u0131rl\u0131klar\u0131n\u0131 yar\u0131n yapaca\u011f\u0131 \u00e7al\u0131\u015fmayla s\u00fcrd\u00fcrecek.<\/p>\n","protected":false},"excerpt":{"rendered":"<p>Yeni sezon haz\u0131rl\u0131klar\u0131n\u0131 Topuk Yaylas\u0131 Tesisleri\u2019nde s\u00fcrd\u00fcren Fenerbah\u00e7emiz, g\u00fcn\u00fc \u00e7ift antrenmanla tamamlad\u0131. Yeni transferimiz Uruguayl\u0131 stoper Mauricio Lemos da kampa kat\u0131ld\u0131, teknik heyetimiz ve futbolcular\u0131m\u0131zla tan\u0131\u015ft\u0131.\u00a0Teknik Direkt\u00f6r\u00fcm\u00fcz Erol Bulut y\u00f6netiminde ger\u00e7ekle\u015ftirilen g\u00fcn\u00fcn ikinci antrenman\u0131 saat 17.30\u2019da \u0131s\u0131nma ve koordinasyon \u00e7al\u0131\u015fmalar\u0131yla ba\u015flad\u0131. Pas \u00e7al\u0131\u015fmalar\u0131yla s\u00fcren idman; taktiksel ve bireysel \u00e7al\u0131\u015fmalarla tamamland\u0131.\u00a0Fenerbah\u00e7emiz yeni sezon haz\u0131rl\u0131klar\u0131n\u0131 yar\u0131n yapaca\u011f\u0131 [&hellip;]<\/p>\n","protected":false},"author":1,"featured_media":10924,"comment_status":"closed","ping_status":"closed","sticky":false,"template":"","format":"standard","meta":{"jnews-multi-image_gallery":[],"jnews_single_post":{"subtitle":"","format":"standard","video":"","gallery":"","source_name":"","source_url":"","via_name":"","via_url":"","override":[{"single_blog_custom":"","sidebar":"","second_sidebar":"","share_position":"","share_float_style":"","post_date_format":"","post_date_format_custom":"","post_reading_time_wpm":"","zoom_button_out_step":"1","zoom_button_in_step":"1","number_popup_post":"1"}],"image_override":[{"single_post_thumbnail_size":"","single_post_gallery_size":""}],"trending_post_position":"","trending_post_label":"","sponsored_post_label":"","sponsored_post_name":"","sponsored_post_url":"","sponsored_post_logo":"","sponsored_post_desc":""},"jnews_primary_category":{"id":"4"},"jnews_social_meta":{"fb_title":"","fb_description":"","fb_image":"","twitter_title":"","twitter_description":"","twitter_image":""},"jnews_override_counter":{"view_counter_number":"0","share_counter_number":"0","like_counter_number":"0","dislike_counter_number":"0"},"footnotes":""},"categories":[4,2,47],"tags":[23,54],"class_list":["post-10923","post","type-post","status-publish","format-standard","has-post-thumbnail","hentry","category-futbol","category-haberler","category-profesyonel-a-futbol-takimi","tag-fenerbahce","tag-futbol"],"amp_enabled":true,"_links":{"self":[{"href":"https:\/\/www.fener.org\/index.php\/wp-json\/wp\/v2\/posts\/10923","targetHints":{"allow":["GET"]}}],"collection":[{"href":"https:\/\/www.fener.org\/index.php\/wp-json\/wp\/v2\/posts"}],"about":[{"href":"https:\/\/www.fener.org\/index.php\/wp-json\/wp\/v2\/types\/post"}],"author":[{"embeddable":true,"href":"https:\/\/www.fener.org\/index.php\/wp-json\/wp\/v2\/users\/1"}],"replies":[{"embeddable":true,"href":"https:\/\/www.fener.org\/index.php\/wp-json\/wp\/v2\/comments?post=10923"}],"version-history":[{"count":1,"href":"https:\/\/www.fener.org\/index.php\/wp-json\/wp\/v2\/posts\/10923\/revisions"}],"predecessor-version":[{"id":10925,"href":"https:\/\/www.fener.org\/index.php\/wp-json\/wp\/v2\/posts\/10923\/revisions\/10925"}],"wp:featuredmedia":[{"embeddable":true,"href":"https:\/\/www.fener.org\/index.php\/wp-json\/wp\/v2\/media\/10924"}],"wp:attachment":[{"href":"https:\/\/www.fener.org\/index.php\/wp-json\/wp\/v2\/media?parent=10923"}],"wp:term":[{"taxonomy":"category","embeddable":true,"href":"https:\/\/www.fener.org\/index.php\/wp-json\/wp\/v2\/categories?post=10923"},{"taxonomy":"post_tag","embeddable":true,"href":"https:\/\/www.fener.org\/index.php\/wp-json\/wp\/v2\/tags?post=10923"}],"curies":[{"name":"wp","href":"https:\/\/api.w.org\/{rel}","templated":true}]}}