{"id":10917,"date":"2020-08-25T17:15:15","date_gmt":"2020-08-25T14:15:15","guid":{"rendered":"https:\/\/www.fener.org\/?p=10917"},"modified":"2020-08-25T17:15:26","modified_gmt":"2020-08-25T14:15:26","slug":"kadinlar-basketbol-super-liginde-2020-2021-sezonunun-fiksturu-belli-oldu","status":"publish","type":"post","link":"https:\/\/www.fener.org\/index.php\/2020\/08\/25\/kadinlar-basketbol-super-liginde-2020-2021-sezonunun-fiksturu-belli-oldu\/","title":{"rendered":"Kad\u0131nlar Basketbol S\u00fcper Ligi&#8217;nde 2020-2021 sezonunun fikst\u00fcr\u00fc belli oldu"},"content":{"rendered":"<p>Herbalife Nutrition Kad\u0131nlar Basketbol S\u00fcper Ligi\u2019nde 2020-2021 sezonu fikst\u00fcr\u00fc, ger\u00e7ekle\u015ftirilen kura \u00e7ekimiyle belirlendi.<\/p>\n<p>Sinan Erdem Spor Salonu\u2019nda ger\u00e7ekle\u015ftirilen kura \u00e7ekimine; TBF CEO\u2019su \u00d6mer Onan, TBF Kad\u0131n Ligleri M\u00fcd\u00fcr\u00fc Murat T\u00fcmer, TBF y\u00f6neticileri ve kul\u00fcp temsilcileri kat\u0131ld\u0131. Kura \u00e7ekimine Kul\u00fcb\u00fcm\u00fcz\u00fc temsilen Fenerbah\u00e7e \u00d6znur Kablo Kad\u0131n Basketbol Tak\u0131m\u0131m\u0131z\u0131n \u0130dari Menajerleri kat\u0131ld\u0131.<\/p>\n<p>Kura \u00e7ekimini ger\u00e7ekle\u015ftiren tak\u0131mlar\u0131n temsilcileri k\u0131sa konu\u015fmalarla yeni sezon \u00f6ncesi b\u00fct\u00fcn tak\u0131mlara \u015fans dilediler. 3 Ekim&#8217;de ba\u015flayacak ligde Fenerbah\u00e7e Kad\u0131n Basketbol Tak\u0131m\u0131m\u0131z\u0131n ilk haftadaki rakibi Galatasaray oldu.<\/p>\n<p>Yeni sezonun 3 Ekim&#8217;de ba\u015flayaca\u011f\u0131 Herbalife Nutrition Kad\u0131nlar Basketbol S\u00fcper Ligi&#8217;nde, Tak\u0131m\u0131m\u0131z\u0131n ilk devre oynayaca\u011f\u0131 ma\u00e7lar \u015f\u00f6yle:<\/p>\n<p>1.Hafta: Fenerbah\u00e7e \u2013 Galatasaray \/ 3-4 Ekim 2020<br \/>\n2.Hafta: Adana Basketbol \u2013 Fenerbah\u00e7e \/ 7 Ekim 2020<br \/>\n3.Hafta: Fenerbah\u00e7e \u2013 Nesibe Ayd\u0131n \/ 10-11 Ekim 2020<br \/>\n4.Hafta: Fenerbah\u00e7e \u2013 \u00c7BK Yeni\u015fehir Belediye \/ 17-18 Ekim 2020<br \/>\n5.Hafta: OGM Ormanspor \u2013 Fenerbah\u00e7e \/ 24-25 Ekim 2020<br \/>\n6.Hafta: Fenerbah\u00e7e \u2013 Bellona Kayseri \/ 31 Ekim-1Kas\u0131m 2020<br \/>\n7.Hafta: Birevim Elaz\u0131\u011f \u2013 Fenerbah\u00e7e \/ 21-22 Kas\u0131m 2020<br \/>\n8.Hafta: Fenerbah\u00e7e (BAY) \/ 28-29 Kas\u0131m 2020<br \/>\n9.Hafta: Bota\u015f \u2013 Fenerbah\u00e7e \/ 5-6 Aral\u0131k 2020<br \/>\n10.Hafta: Fenerbah\u00e7e \u2013 Be\u015fikta\u015f \/ 12-13 Aral\u0131k 2020<br \/>\n11.Hafta: \u00c7ankaya \u00dcniversitesi \u2013 Fenerbah\u00e7e \/ 19-20 Aral\u0131k 2020<br \/>\n12.Hafta: Fenerbah\u00e7e \u2013 \u0130zmit Belediye \/ 23 Aral\u0131k 2020<br \/>\n13.Hafta: Hatay B\u015eB. \u2013 Fenerbah\u00e7e \/ 26-27 Aral\u0131k 2020<\/p>\n<p>Herbalife Nutrition Kad\u0131nlar Basketbol S\u00fcper Ligi\u2019nde 2020-2021 sezonu fikt\u00fcr\u00fcn\u00fcn tamam\u0131na ula\u015fmak i\u00e7in <a href=\"https:\/\/bys.tbf.org.tr\/Yuklemeler\/Icerik\/Dosya\/TKBL%202020-21%20SEZONU%20F%C4%B0KST%C3%9CR.pdf\" target=\"_blank\" rel=\"noopener noreferrer\">t\u0131klay\u0131n\u0131z<\/a>.<\/p>\n","protected":false},"excerpt":{"rendered":"<p>Herbalife Nutrition Kad\u0131nlar Basketbol S\u00fcper Ligi\u2019nde 2020-2021 sezonu fikst\u00fcr\u00fc, ger\u00e7ekle\u015ftirilen kura \u00e7ekimiyle belirlendi. Sinan Erdem Spor Salonu\u2019nda ger\u00e7ekle\u015ftirilen kura \u00e7ekimine; TBF CEO\u2019su \u00d6mer Onan, TBF Kad\u0131n Ligleri M\u00fcd\u00fcr\u00fc Murat T\u00fcmer, TBF y\u00f6neticileri ve kul\u00fcp temsilcileri kat\u0131ld\u0131. Kura \u00e7ekimine Kul\u00fcb\u00fcm\u00fcz\u00fc temsilen Fenerbah\u00e7e \u00d6znur Kablo Kad\u0131n Basketbol Tak\u0131m\u0131m\u0131z\u0131n \u0130dari Menajerleri kat\u0131ld\u0131. Kura \u00e7ekimini ger\u00e7ekle\u015ftiren tak\u0131mlar\u0131n temsilcileri k\u0131sa [&hellip;]<\/p>\n","protected":false},"author":1,"featured_media":10919,"comment_status":"closed","ping_status":"closed","sticky":false,"template":"","format":"standard","meta":{"jnews-multi-image_gallery":[],"jnews_single_post":{"subtitle":"Kad\u0131nlar Basketbol S\u00fcper Ligi\u2019nde 2020-2021 sezonu fikst\u00fcr\u00fc, Sinan Erdem Spor Salonu\u2019nda ger\u00e7ekle\u015ftirilen kura \u00e7ekimiyle belirlendi.","format":"standard","video":"","gallery":"","source_name":"","source_url":"","via_name":"","via_url":"","override":[{"single_blog_custom":"","sidebar":"","second_sidebar":"","share_position":"","share_float_style":"","post_date_format":"","post_date_format_custom":"","post_reading_time_wpm":"","zoom_button_out_step":"1","zoom_button_in_step":"1","number_popup_post":"1"}],"image_override":[{"single_post_thumbnail_size":"","single_post_gallery_size":""}],"trending_post_position":"","trending_post_label":"","sponsored_post_label":"","sponsored_post_name":"","sponsored_post_url":"","sponsored_post_logo":"","sponsored_post_desc":""},"jnews_primary_category":{"id":"5"},"jnews_social_meta":{"fb_title":"","fb_description":"","fb_image":"","twitter_title":"","twitter_description":"","twitter_image":""},"jnews_override_counter":{"view_counter_number":"0","share_counter_number":"0","like_counter_number":"0","dislike_counter_number":"0"},"footnotes":""},"categories":[5,2,7],"tags":[24,23],"class_list":["post-10917","post","type-post","status-publish","format-standard","has-post-thumbnail","hentry","category-basketbol","category-haberler","category-kadin-basketbol","tag-basketbol","tag-fenerbahce"],"amp_enabled":true,"_links":{"self":[{"href":"https:\/\/www.fener.org\/index.php\/wp-json\/wp\/v2\/posts\/10917","targetHints":{"allow":["GET"]}}],"collection":[{"href":"https:\/\/www.fener.org\/index.php\/wp-json\/wp\/v2\/posts"}],"about":[{"href":"https:\/\/www.fener.org\/index.php\/wp-json\/wp\/v2\/types\/post"}],"author":[{"embeddable":true,"href":"https:\/\/www.fener.org\/index.php\/wp-json\/wp\/v2\/users\/1"}],"replies":[{"embeddable":true,"href":"https:\/\/www.fener.org\/index.php\/wp-json\/wp\/v2\/comments?post=10917"}],"version-history":[{"count":1,"href":"https:\/\/www.fener.org\/index.php\/wp-json\/wp\/v2\/posts\/10917\/revisions"}],"predecessor-version":[{"id":10918,"href":"https:\/\/www.fener.org\/index.php\/wp-json\/wp\/v2\/posts\/10917\/revisions\/10918"}],"wp:featuredmedia":[{"embeddable":true,"href":"https:\/\/www.fener.org\/index.php\/wp-json\/wp\/v2\/media\/10919"}],"wp:attachment":[{"href":"https:\/\/www.fener.org\/index.php\/wp-json\/wp\/v2\/media?parent=10917"}],"wp:term":[{"taxonomy":"category","embeddable":true,"href":"https:\/\/www.fener.org\/index.php\/wp-json\/wp\/v2\/categories?post=10917"},{"taxonomy":"post_tag","embeddable":true,"href":"https:\/\/www.fener.org\/index.php\/wp-json\/wp\/v2\/tags?post=10917"}],"curies":[{"name":"wp","href":"https:\/\/api.w.org\/{rel}","templated":true}]}}