{"id":10912,"date":"2020-08-22T21:54:24","date_gmt":"2020-08-22T18:54:24","guid":{"rendered":"https:\/\/www.fener.org\/?p=10912"},"modified":"2020-08-22T21:54:34","modified_gmt":"2020-08-22T18:54:34","slug":"fenerbahce-fatih-karagumrukle-karsilasti","status":"publish","type":"post","link":"https:\/\/www.fener.org\/index.php\/2020\/08\/22\/fenerbahce-fatih-karagumrukle-karsilasti\/","title":{"rendered":"Fenerbah\u00e7e, Fatih Karag\u00fcmr\u00fck&#8217;le kar\u015f\u0131la\u015ft\u0131"},"content":{"rendered":"\n<p>2020-2021 sezonu haz\u0131rl\u0131klar\u0131n\u0131 Topuk Yaylas\u0131 Tesisleri&#8217;nde s\u00fcrd\u00fcren Fenerbah\u00e7emiz, ikinci haz\u0131rl\u0131k ma\u00e7\u0131nda S\u00fcper Lig\u2019in yeni ekiplerinden Fatih Karag\u00fcmr\u00fck&#8217;le kar\u015f\u0131la\u015ft\u0131. 2-2 e\u015fitlikle tamamlanan m\u00fccadelede Fenerbah\u00e7emizin gollerini; 7. dakikada Ozan Tufan (P) ile 47. dakikada Mert Hakan Yanda\u015f kaydederken; Fatih Karag\u00fcmr\u00fck&#8217;\u00fcn gollerini ise Alassane Ndao 5 ve 77. dakikalarda att\u0131.<\/p>\n\n\n\n<p>Yeni transferlerimizden Mame Thiam bu sezon ilk kez bir kar\u015f\u0131la\u015fmada formam\u0131z\u0131 giyerken, Mert Hakan Yanda\u015f da Fenerbah\u00e7e formas\u0131yla ilk gol\u00fcn\u00fc kaydetti.<\/p>\n","protected":false},"excerpt":{"rendered":"<p>2020-2021 sezonu haz\u0131rl\u0131klar\u0131n\u0131 Topuk Yaylas\u0131 Tesisleri&#8217;nde s\u00fcrd\u00fcren Fenerbah\u00e7emiz, ikinci haz\u0131rl\u0131k ma\u00e7\u0131nda S\u00fcper Lig\u2019in yeni ekiplerinden Fatih Karag\u00fcmr\u00fck&#8217;le kar\u015f\u0131la\u015ft\u0131. 2-2 e\u015fitlikle tamamlanan m\u00fccadelede Fenerbah\u00e7emizin gollerini; 7. dakikada Ozan Tufan (P) ile 47. dakikada Mert Hakan Yanda\u015f kaydederken; Fatih Karag\u00fcmr\u00fck&#8217;\u00fcn gollerini ise Alassane Ndao 5 ve 77. dakikalarda att\u0131. Yeni transferlerimizden Mame Thiam bu sezon ilk kez [&hellip;]<\/p>\n","protected":false},"author":1,"featured_media":10913,"comment_status":"closed","ping_status":"closed","sticky":false,"template":"","format":"standard","meta":{"jnews-multi-image_gallery":[],"jnews_single_post":{"subtitle":"Fenerbah\u00e7emiz, yeni sezon haz\u0131rl\u0131klar\u0131 kapsam\u0131nda haz\u0131rl\u0131k ma\u00e7\u0131nda kar\u015f\u0131la\u015ft\u0131\u011f\u0131 Fatih Karag\u00fcmr\u00fck'le 2-2 berabere kald\u0131.","format":"standard","video":"","gallery":"","source_name":"","source_url":"","via_name":"","via_url":"","override":[{"single_blog_custom":"","sidebar":"","second_sidebar":"","share_position":"","share_float_style":"","post_date_format":"","post_date_format_custom":"","post_reading_time_wpm":"","zoom_button_out_step":"1","zoom_button_in_step":"1","number_popup_post":"1"}],"image_override":[{"single_post_thumbnail_size":"","single_post_gallery_size":""}],"trending_post_position":"","trending_post_label":"","sponsored_post_label":"","sponsored_post_name":"","sponsored_post_url":"","sponsored_post_logo":"","sponsored_post_desc":""},"jnews_primary_category":{"id":"4"},"jnews_social_meta":{"fb_title":"","fb_description":"","fb_image":"","twitter_title":"","twitter_description":"","twitter_image":""},"jnews_override_counter":{"view_counter_number":"0","share_counter_number":"0","like_counter_number":"0","dislike_counter_number":"0"},"footnotes":""},"categories":[4,2,47],"tags":[23,54],"class_list":["post-10912","post","type-post","status-publish","format-standard","has-post-thumbnail","hentry","category-futbol","category-haberler","category-profesyonel-a-futbol-takimi","tag-fenerbahce","tag-futbol"],"amp_enabled":true,"_links":{"self":[{"href":"https:\/\/www.fener.org\/index.php\/wp-json\/wp\/v2\/posts\/10912","targetHints":{"allow":["GET"]}}],"collection":[{"href":"https:\/\/www.fener.org\/index.php\/wp-json\/wp\/v2\/posts"}],"about":[{"href":"https:\/\/www.fener.org\/index.php\/wp-json\/wp\/v2\/types\/post"}],"author":[{"embeddable":true,"href":"https:\/\/www.fener.org\/index.php\/wp-json\/wp\/v2\/users\/1"}],"replies":[{"embeddable":true,"href":"https:\/\/www.fener.org\/index.php\/wp-json\/wp\/v2\/comments?post=10912"}],"version-history":[{"count":1,"href":"https:\/\/www.fener.org\/index.php\/wp-json\/wp\/v2\/posts\/10912\/revisions"}],"predecessor-version":[{"id":10914,"href":"https:\/\/www.fener.org\/index.php\/wp-json\/wp\/v2\/posts\/10912\/revisions\/10914"}],"wp:featuredmedia":[{"embeddable":true,"href":"https:\/\/www.fener.org\/index.php\/wp-json\/wp\/v2\/media\/10913"}],"wp:attachment":[{"href":"https:\/\/www.fener.org\/index.php\/wp-json\/wp\/v2\/media?parent=10912"}],"wp:term":[{"taxonomy":"category","embeddable":true,"href":"https:\/\/www.fener.org\/index.php\/wp-json\/wp\/v2\/categories?post=10912"},{"taxonomy":"post_tag","embeddable":true,"href":"https:\/\/www.fener.org\/index.php\/wp-json\/wp\/v2\/tags?post=10912"}],"curies":[{"name":"wp","href":"https:\/\/api.w.org\/{rel}","templated":true}]}}