{"id":10890,"date":"2020-08-19T22:24:48","date_gmt":"2020-08-19T19:24:48","guid":{"rendered":"https:\/\/www.fener.org\/?p=10890"},"modified":"2020-08-19T22:47:43","modified_gmt":"2020-08-19T19:47:43","slug":"sinan-gumus-fenerbahcede","status":"publish","type":"post","link":"https:\/\/www.fener.org\/index.php\/2020\/08\/19\/sinan-gumus-fenerbahcede\/","title":{"rendered":"Sinan G\u00fcm\u00fc\u015f Fenerbah\u00e7e&#8217;de"},"content":{"rendered":"\n<p>Kul\u00fcb\u00fcm\u00fcz, Italya Seri A tak\u0131mlar\u0131ndan Genoa CFC&#8217;de forma giyen Sinan G\u00fcm\u00fc\u015f&#8217;\u00fc renklerine ba\u011flad\u0131.<\/p>\n\n\n\n<p>Fenerbah\u00e7e, 26 ya\u015f\u0131ndaki Sinan G\u00fcm\u00fc\u015f&#8217;le 3+1 y\u0131ll\u0131\u011f\u0131na anla\u015ft\u0131\u011f\u0131n\u0131 a\u00e7\u0131klad\u0131.<\/p>\n\n\n\n<p>Kul\u00fcb\u00fcm\u00fcz\u00fcn resmi sitesinde transferle ilgili \u015fu a\u00e7\u0131klama yer ald\u0131:<\/p>\n\n\n\n<blockquote class=\"wp-block-quote is-layout-flow wp-block-quote-is-layout-flow\"><p>Kul\u00fcb\u00fcm\u00fcz, \u0130talya Seri A\u2019n\u0131n Genoa CFC tak\u0131m\u0131ndan Sinan G\u00fcm\u00fc\u015f i\u00e7in kul\u00fcb\u00fc ve kendisiyle yap\u0131lan g\u00f6r\u00fc\u015fmeler sonucunda anla\u015fma sa\u011flam\u0131\u015ft\u0131r.<\/p><p>Fenerbah\u00e7emiz, 26 ya\u015f\u0131ndaki ba\u015far\u0131l\u0131 kanat oyuncusunu 3+1 y\u0131ll\u0131\u011f\u0131na renklerine ba\u011flam\u0131\u015ft\u0131r.<\/p><p>\u00c7ubuklu formam\u0131zla m\u00fccadele edecek Sinan G\u00fcm\u00fc\u015f\u2019e ailemize ho\u015f geldin diyor; kendisine Sar\u0131 Lacivert renklerimizle nice \u015fampiyonluklar diliyoruz.<\/p><p><strong>FENERBAH\u00c7E SPOR KUL\u00dcB\u00dc<\/strong><\/p><\/blockquote>\n\n\n\n<p><\/p>\n","protected":false},"excerpt":{"rendered":"<p>Kul\u00fcb\u00fcm\u00fcz, Italya Seri A tak\u0131mlar\u0131ndan Genoa CFC&#8217;de forma giyen Sinan G\u00fcm\u00fc\u015f&#8217;\u00fc renklerine ba\u011flad\u0131. Fenerbah\u00e7e, 26 ya\u015f\u0131ndaki Sinan G\u00fcm\u00fc\u015f&#8217;le 3+1 y\u0131ll\u0131\u011f\u0131na anla\u015ft\u0131\u011f\u0131n\u0131 a\u00e7\u0131klad\u0131. Kul\u00fcb\u00fcm\u00fcz\u00fcn resmi sitesinde transferle ilgili \u015fu a\u00e7\u0131klama yer ald\u0131: Kul\u00fcb\u00fcm\u00fcz, \u0130talya Seri A\u2019n\u0131n Genoa CFC tak\u0131m\u0131ndan Sinan G\u00fcm\u00fc\u015f i\u00e7in kul\u00fcb\u00fc ve kendisiyle yap\u0131lan g\u00f6r\u00fc\u015fmeler sonucunda anla\u015fma sa\u011flam\u0131\u015ft\u0131r. Fenerbah\u00e7emiz, 26 ya\u015f\u0131ndaki ba\u015far\u0131l\u0131 kanat oyuncusunu [&hellip;]<\/p>\n","protected":false},"author":1,"featured_media":10891,"comment_status":"closed","ping_status":"closed","sticky":false,"template":"","format":"standard","meta":{"jnews-multi-image_gallery":[],"jnews_single_post":{"subtitle":"Fenerbah\u00e7e, \u0130talya'n\u0131n Genoa tak\u0131m\u0131nda forma giyen Sinan G\u00fcm\u00fc\u015f'\u00fc kadrosuna katt\u0131.","format":"standard","video":"","gallery":"","source_name":"","source_url":"","via_name":"","via_url":"","override":[{"single_blog_custom":"","sidebar":"","second_sidebar":"","share_position":"","share_float_style":"","post_date_format":"","post_date_format_custom":"","post_reading_time_wpm":"","zoom_button_out_step":"1","zoom_button_in_step":"1","number_popup_post":"1"}],"image_override":[{"single_post_thumbnail_size":"","single_post_gallery_size":""}],"trending_post_position":"","trending_post_label":"","sponsored_post_label":"","sponsored_post_name":"","sponsored_post_url":"","sponsored_post_logo":"","sponsored_post_desc":""},"jnews_primary_category":{"id":"4"},"jnews_social_meta":{"fb_title":"","fb_description":"","fb_image":"","twitter_title":"","twitter_description":"","twitter_image":""},"jnews_override_counter":{"view_counter_number":"0","share_counter_number":"0","like_counter_number":"0","dislike_counter_number":"0"},"footnotes":""},"categories":[4,2,47],"tags":[23,54],"class_list":["post-10890","post","type-post","status-publish","format-standard","has-post-thumbnail","hentry","category-futbol","category-haberler","category-profesyonel-a-futbol-takimi","tag-fenerbahce","tag-futbol"],"amp_enabled":true,"_links":{"self":[{"href":"https:\/\/www.fener.org\/index.php\/wp-json\/wp\/v2\/posts\/10890","targetHints":{"allow":["GET"]}}],"collection":[{"href":"https:\/\/www.fener.org\/index.php\/wp-json\/wp\/v2\/posts"}],"about":[{"href":"https:\/\/www.fener.org\/index.php\/wp-json\/wp\/v2\/types\/post"}],"author":[{"embeddable":true,"href":"https:\/\/www.fener.org\/index.php\/wp-json\/wp\/v2\/users\/1"}],"replies":[{"embeddable":true,"href":"https:\/\/www.fener.org\/index.php\/wp-json\/wp\/v2\/comments?post=10890"}],"version-history":[{"count":1,"href":"https:\/\/www.fener.org\/index.php\/wp-json\/wp\/v2\/posts\/10890\/revisions"}],"predecessor-version":[{"id":10892,"href":"https:\/\/www.fener.org\/index.php\/wp-json\/wp\/v2\/posts\/10890\/revisions\/10892"}],"wp:featuredmedia":[{"embeddable":true,"href":"https:\/\/www.fener.org\/index.php\/wp-json\/wp\/v2\/media\/10891"}],"wp:attachment":[{"href":"https:\/\/www.fener.org\/index.php\/wp-json\/wp\/v2\/media?parent=10890"}],"wp:term":[{"taxonomy":"category","embeddable":true,"href":"https:\/\/www.fener.org\/index.php\/wp-json\/wp\/v2\/categories?post=10890"},{"taxonomy":"post_tag","embeddable":true,"href":"https:\/\/www.fener.org\/index.php\/wp-json\/wp\/v2\/tags?post=10890"}],"curies":[{"name":"wp","href":"https:\/\/api.w.org\/{rel}","templated":true}]}}