{"id":10881,"date":"2020-08-18T13:22:50","date_gmt":"2020-08-18T10:22:50","guid":{"rendered":"https:\/\/www.fener.org\/?p=10881"},"modified":"2020-08-18T13:23:00","modified_gmt":"2020-08-18T10:23:00","slug":"mame-thiam-bu-sene-maksimumumu-sergileyecegim","status":"publish","type":"post","link":"https:\/\/www.fener.org\/index.php\/2020\/08\/18\/mame-thiam-bu-sene-maksimumumu-sergileyecegim\/","title":{"rendered":"Mame Thiam: Bu sene maksimumumu sergileyece\u011fim"},"content":{"rendered":"\n<p>Fenerbah\u00e7e&#8217;nin yeni forvet oyuncusu Mame Thiam, sar\u0131 lacivert formayla maksimum performans\u0131n\u0131 sergilemeyi hedefledi\u011fini belirt\u011fi a\u00e7\u0131klamas\u0131nda \u015f\u00f6yle konu\u015ftu:<\/p>\n\n\n\n<blockquote class=\"wp-block-quote is-layout-flow wp-block-quote-is-layout-flow\"><p>\u201c\u00d6ncelikle ger\u00e7ekten te\u015fekk\u00fcr ediyorum. Burada olmaktan dolay\u0131 mutlu oldu\u011fumu ifade edebilirim. Oynamak, tak\u0131ma katk\u0131 sa\u011flamak istiyorum. Tak\u0131m\u0131n iyili\u011fi i\u00e7in performans sergilemek istiyorum.<\/p><p>Ge\u00e7en sene kendi ad\u0131ma iyi ge\u00e7en bir y\u0131ld\u0131. Bu performans\u0131m neticesinde Fenerbah\u00e7e\u2019ye geldim. Benim hedefim Fenerbah\u00e7e i\u00e7in maksimumu ortaya koymak. Fenerbah\u00e7e ger\u00e7ekten harika ve s\u0131ra d\u0131\u015f\u0131 bir kul\u00fcp. Burada oldu\u011fum i\u00e7in mutluyum ve bu sene maksimumumu sergileyece\u011fim.<\/p><p>Fenerbah\u00e7e\u2019yi tan\u0131yorum. Zaten takip ediyordum. \u00c7ok b\u00fcy\u00fck bir kul\u00fcp. Bir an \u00f6nce oynamak istiyorum. Ayr\u0131ca covid salg\u0131n\u0131n\u0131n da bir an evvel sona ermesini istiyorum taraftarlar\u0131m\u0131zla bulu\u015fma ad\u0131na \u00e7\u00fcnk\u00fc onlar oynamak ad\u0131na bizim i\u00e7in \u00e7ok g\u00fc\u00e7l\u00fc bir unsur olacak.\u201d<\/p><\/blockquote>\n","protected":false},"excerpt":{"rendered":"<p>Fenerbah\u00e7e&#8217;nin yeni forvet oyuncusu Mame Thiam, sar\u0131 lacivert formayla maksimum performans\u0131n\u0131 sergilemeyi hedefledi\u011fini belirt\u011fi a\u00e7\u0131klamas\u0131nda \u015f\u00f6yle konu\u015ftu: \u201c\u00d6ncelikle ger\u00e7ekten te\u015fekk\u00fcr ediyorum. Burada olmaktan dolay\u0131 mutlu oldu\u011fumu ifade edebilirim. Oynamak, tak\u0131ma katk\u0131 sa\u011flamak istiyorum. Tak\u0131m\u0131n iyili\u011fi i\u00e7in performans sergilemek istiyorum. Ge\u00e7en sene kendi ad\u0131ma iyi ge\u00e7en bir y\u0131ld\u0131. Bu performans\u0131m neticesinde Fenerbah\u00e7e\u2019ye geldim. Benim hedefim Fenerbah\u00e7e [&hellip;]<\/p>\n","protected":false},"author":1,"featured_media":10882,"comment_status":"closed","ping_status":"closed","sticky":false,"template":"","format":"standard","meta":{"jnews-multi-image_gallery":[],"jnews_single_post":{"subtitle":"","format":"standard","video":"","gallery":"","source_name":"","source_url":"","via_name":"","via_url":"","override":[{"single_blog_custom":"","sidebar":"","second_sidebar":"","share_position":"","share_float_style":"","post_date_format":"","post_date_format_custom":"","post_reading_time_wpm":"","zoom_button_out_step":"1","zoom_button_in_step":"1","number_popup_post":"1"}],"image_override":[{"single_post_thumbnail_size":"","single_post_gallery_size":""}],"trending_post_position":"","trending_post_label":"","sponsored_post_label":"","sponsored_post_name":"","sponsored_post_url":"","sponsored_post_logo":"","sponsored_post_desc":""},"jnews_primary_category":{"id":"4"},"jnews_social_meta":{"fb_title":"","fb_description":"","fb_image":"","twitter_title":"","twitter_description":"","twitter_image":""},"jnews_override_counter":{"view_counter_number":"0","share_counter_number":"0","like_counter_number":"0","dislike_counter_number":"0"},"footnotes":""},"categories":[4,2,47],"tags":[23,54],"class_list":["post-10881","post","type-post","status-publish","format-standard","has-post-thumbnail","hentry","category-futbol","category-haberler","category-profesyonel-a-futbol-takimi","tag-fenerbahce","tag-futbol"],"amp_enabled":true,"_links":{"self":[{"href":"https:\/\/www.fener.org\/index.php\/wp-json\/wp\/v2\/posts\/10881","targetHints":{"allow":["GET"]}}],"collection":[{"href":"https:\/\/www.fener.org\/index.php\/wp-json\/wp\/v2\/posts"}],"about":[{"href":"https:\/\/www.fener.org\/index.php\/wp-json\/wp\/v2\/types\/post"}],"author":[{"embeddable":true,"href":"https:\/\/www.fener.org\/index.php\/wp-json\/wp\/v2\/users\/1"}],"replies":[{"embeddable":true,"href":"https:\/\/www.fener.org\/index.php\/wp-json\/wp\/v2\/comments?post=10881"}],"version-history":[{"count":1,"href":"https:\/\/www.fener.org\/index.php\/wp-json\/wp\/v2\/posts\/10881\/revisions"}],"predecessor-version":[{"id":10883,"href":"https:\/\/www.fener.org\/index.php\/wp-json\/wp\/v2\/posts\/10881\/revisions\/10883"}],"wp:featuredmedia":[{"embeddable":true,"href":"https:\/\/www.fener.org\/index.php\/wp-json\/wp\/v2\/media\/10882"}],"wp:attachment":[{"href":"https:\/\/www.fener.org\/index.php\/wp-json\/wp\/v2\/media?parent=10881"}],"wp:term":[{"taxonomy":"category","embeddable":true,"href":"https:\/\/www.fener.org\/index.php\/wp-json\/wp\/v2\/categories?post=10881"},{"taxonomy":"post_tag","embeddable":true,"href":"https:\/\/www.fener.org\/index.php\/wp-json\/wp\/v2\/tags?post=10881"}],"curies":[{"name":"wp","href":"https:\/\/api.w.org\/{rel}","templated":true}]}}