{"id":10816,"date":"2020-08-07T16:41:31","date_gmt":"2020-08-07T13:41:31","guid":{"rendered":"https:\/\/www.fener.org\/?p=10816"},"modified":"2020-08-07T16:41:42","modified_gmt":"2020-08-07T13:41:42","slug":"fenerbahce-beko-sezonu-acti","status":"publish","type":"post","link":"https:\/\/www.fener.org\/index.php\/2020\/08\/07\/fenerbahce-beko-sezonu-acti\/","title":{"rendered":"Fenerbah\u00e7e Beko sezonu a\u00e7t\u0131"},"content":{"rendered":"\n<p>Fenerbah\u00e7e Beko, yeni sezon haz\u0131rl\u0131klar\u0131na bug\u00fcn \u00f6\u011fle saatlerinde \u00dclker Spor ve Etkinlik Salonu\u2019nda yapt\u0131\u011f\u0131 antrenmanla ba\u015flad\u0131.<br>\u00a0<br>Antrenman \u00f6ncesinde Genel Menajerimiz Maurizio Gherardini, saha ortas\u0131nda oyuncularla ve teknik heyetle k\u0131sa bir toplant\u0131 yapt\u0131.<br>\u00a0<br>Ba\u015fantren\u00f6r\u00fcm\u00fcz Igor Kokoskov\u2019un yoklu\u011funda asistan ko\u00e7lar\u0131m\u0131z\u0131n y\u00f6netiminde ger\u00e7ekle\u015ftirilen \u00e7al\u0131\u015fmada, hen\u00fcz tak\u0131m\u0131m\u0131za dahil olmayan yeni transferlerimizden Lorenzo Brown ile Edgaras Ulanovas da yer almad\u0131. Ekibimizde Igor Kokoskov 7 A\u011fustos Cuma g\u00fcn\u00fc (bug\u00fcn) \u0130stanbul&#8217;a gelecek ve 8 A\u011fustos tarihinde yap\u0131lacak idmandan itibaren tak\u0131m\u0131m\u0131z\u0131n ba\u015f\u0131ndaki yerini alacak. Fenerbah\u00e7e Beko, Ulanovas ve Brown&#8217;un da kat\u0131l\u0131m\u0131yla, \u00f6n\u00fcm\u00fczdeki hafta yap\u0131lacak Topuk Yaylas\u0131 kamp\u0131nda \u00e7al\u0131\u015fmalar\u0131n\u0131 tam kadro s\u00fcrd\u00fcrecek.<br>\u00a0<br>Yakla\u015f\u0131k 2 saat s\u00fcren antrenman kondisyon \u00e7al\u0131\u015fmalar\u0131yla ba\u015flad\u0131 ve ard\u0131ndan iki grup halinde yap\u0131lan basketbol idman\u0131yla devam etti.<\/p>\n","protected":false},"excerpt":{"rendered":"<p>Fenerbah\u00e7e Beko, yeni sezon haz\u0131rl\u0131klar\u0131na bug\u00fcn \u00f6\u011fle saatlerinde \u00dclker Spor ve Etkinlik Salonu\u2019nda yapt\u0131\u011f\u0131 antrenmanla ba\u015flad\u0131.\u00a0Antrenman \u00f6ncesinde Genel Menajerimiz Maurizio Gherardini, saha ortas\u0131nda oyuncularla ve teknik heyetle k\u0131sa bir toplant\u0131 yapt\u0131.\u00a0Ba\u015fantren\u00f6r\u00fcm\u00fcz Igor Kokoskov\u2019un yoklu\u011funda asistan ko\u00e7lar\u0131m\u0131z\u0131n y\u00f6netiminde ger\u00e7ekle\u015ftirilen \u00e7al\u0131\u015fmada, hen\u00fcz tak\u0131m\u0131m\u0131za dahil olmayan yeni transferlerimizden Lorenzo Brown ile Edgaras Ulanovas da yer almad\u0131. Ekibimizde Igor [&hellip;]<\/p>\n","protected":false},"author":1,"featured_media":10817,"comment_status":"closed","ping_status":"closed","sticky":false,"template":"","format":"standard","meta":{"jnews-multi-image_gallery":[],"jnews_single_post":{"subtitle":"Fenerbah\u00e7e Erkek Basketbol Tak\u0131m\u0131m\u0131z, yeni sezon haz\u0131rl\u0131klar\u0131na bug\u00fcn \u00f6\u011fle saatlerinde \u00dclker Spor ve Etkinlik Salonu\u2019nda yapt\u0131\u011f\u0131 antrenmanla ba\u015flad\u0131.","format":"standard","video":"","gallery":"","source_name":"","source_url":"","via_name":"","via_url":"","override":[{"single_blog_custom":"","sidebar":"","second_sidebar":"","share_position":"","share_float_style":"","post_date_format":"","post_date_format_custom":"","post_reading_time_wpm":"","zoom_button_out_step":"1","zoom_button_in_step":"1","number_popup_post":"1"}],"image_override":[{"single_post_thumbnail_size":"","single_post_gallery_size":""}],"trending_post_position":"","trending_post_label":"","sponsored_post_label":"","sponsored_post_name":"","sponsored_post_url":"","sponsored_post_logo":"","sponsored_post_desc":""},"jnews_primary_category":{"id":"5"},"jnews_social_meta":{"fb_title":"","fb_description":"","fb_image":"","twitter_title":"","twitter_description":"","twitter_image":""},"jnews_override_counter":{"view_counter_number":"0","share_counter_number":"0","like_counter_number":"0","dislike_counter_number":"0"},"footnotes":""},"categories":[5,6,2],"tags":[24,23],"class_list":["post-10816","post","type-post","status-publish","format-standard","has-post-thumbnail","hentry","category-basketbol","category-erkek-basketbol","category-haberler","tag-basketbol","tag-fenerbahce"],"amp_enabled":true,"_links":{"self":[{"href":"https:\/\/www.fener.org\/index.php\/wp-json\/wp\/v2\/posts\/10816","targetHints":{"allow":["GET"]}}],"collection":[{"href":"https:\/\/www.fener.org\/index.php\/wp-json\/wp\/v2\/posts"}],"about":[{"href":"https:\/\/www.fener.org\/index.php\/wp-json\/wp\/v2\/types\/post"}],"author":[{"embeddable":true,"href":"https:\/\/www.fener.org\/index.php\/wp-json\/wp\/v2\/users\/1"}],"replies":[{"embeddable":true,"href":"https:\/\/www.fener.org\/index.php\/wp-json\/wp\/v2\/comments?post=10816"}],"version-history":[{"count":1,"href":"https:\/\/www.fener.org\/index.php\/wp-json\/wp\/v2\/posts\/10816\/revisions"}],"predecessor-version":[{"id":10818,"href":"https:\/\/www.fener.org\/index.php\/wp-json\/wp\/v2\/posts\/10816\/revisions\/10818"}],"wp:featuredmedia":[{"embeddable":true,"href":"https:\/\/www.fener.org\/index.php\/wp-json\/wp\/v2\/media\/10817"}],"wp:attachment":[{"href":"https:\/\/www.fener.org\/index.php\/wp-json\/wp\/v2\/media?parent=10816"}],"wp:term":[{"taxonomy":"category","embeddable":true,"href":"https:\/\/www.fener.org\/index.php\/wp-json\/wp\/v2\/categories?post=10816"},{"taxonomy":"post_tag","embeddable":true,"href":"https:\/\/www.fener.org\/index.php\/wp-json\/wp\/v2\/tags?post=10816"}],"curies":[{"name":"wp","href":"https:\/\/api.w.org\/{rel}","templated":true}]}}